{"id":1481,"date":"2024-10-03T22:42:04","date_gmt":"2024-10-03T20:42:04","guid":{"rendered":"https:\/\/wgphoto.pl\/t\/?p=1481"},"modified":"2024-10-03T22:42:04","modified_gmt":"2024-10-03T20:42:04","slug":"pierwsze-oznaki","status":"publish","type":"post","link":"https:\/\/wgphoto.pl\/t\/?p=1481","title":{"rendered":"Pierwsze oznaki"},"content":{"rendered":"\n<figure class=\"wp-block-image aligncenter size-full\"><img loading=\"lazy\" decoding=\"async\" width=\"1200\" height=\"800\" src=\"https:\/\/wgphoto.pl\/t\/wp-content\/uploads\/2024\/10\/0426-08.jpg\" alt=\"\" class=\"wp-image-1482\" srcset=\"https:\/\/wgphoto.pl\/t\/wp-content\/uploads\/2024\/10\/0426-08.jpg 1200w, https:\/\/wgphoto.pl\/t\/wp-content\/uploads\/2024\/10\/0426-08-300x200.jpg 300w, https:\/\/wgphoto.pl\/t\/wp-content\/uploads\/2024\/10\/0426-08-768x512.jpg 768w\" sizes=\"auto, (max-width: 1200px) 100vw, 1200px\" \/><\/figure>\n\n\n\n<div class=\"wp-block-group has-global-padding is-layout-constrained wp-block-group-is-layout-constrained\">\n<p>EU07-197 z poci\u0105giem osobowym 513 relacji Wroc\u0142aw G\u0142. &#8211; Zgorzelec zatrzymuje si\u0119 w Mi\u0142kowicach. Rozpocz\u0119cie prac modernizacyjnych zdradza fundament s\u0142upa trakcyjnego z lewej strony. 25.09.2004<\/p>\n<\/div>\n","protected":false},"excerpt":{"rendered":"<p>EU07-197 z poci\u0105giem osobowym 513 relacji Wroc\u0142aw G\u0142. &#8211; Zgorzelec zatrzymuje si\u0119 w Mi\u0142kowicach. Rozpocz\u0119cie prac modernizacyjnych zdradza fundament s\u0142upa trakcyjnego z lewej strony. 25.09.2004<\/p>\n","protected":false},"author":1,"featured_media":1482,"comment_status":"open","ping_status":"","sticky":false,"template":"","format":"standard","meta":{"footnotes":""},"categories":[62,2,61],"tags":[67,288,122,744,63,27,233],"class_list":["post-1481","post","type-post","status-publish","format-standard","has-post-thumbnail","hentry","category-analog","category-kolej","category-rok-2004","tag-2004-09-25","tag-bipa","tag-eu07","tag-milkowice","tag-pkp","tag-polska","tag-tab-pl260"],"_links":{"self":[{"href":"https:\/\/wgphoto.pl\/t\/index.php?rest_route=\/wp\/v2\/posts\/1481","targetHints":{"allow":["GET"]}}],"collection":[{"href":"https:\/\/wgphoto.pl\/t\/index.php?rest_route=\/wp\/v2\/posts"}],"about":[{"href":"https:\/\/wgphoto.pl\/t\/index.php?rest_route=\/wp\/v2\/types\/post"}],"author":[{"embeddable":true,"href":"https:\/\/wgphoto.pl\/t\/index.php?rest_route=\/wp\/v2\/users\/1"}],"replies":[{"embeddable":true,"href":"https:\/\/wgphoto.pl\/t\/index.php?rest_route=%2Fwp%2Fv2%2Fcomments&post=1481"}],"version-history":[{"count":1,"href":"https:\/\/wgphoto.pl\/t\/index.php?rest_route=\/wp\/v2\/posts\/1481\/revisions"}],"predecessor-version":[{"id":1483,"href":"https:\/\/wgphoto.pl\/t\/index.php?rest_route=\/wp\/v2\/posts\/1481\/revisions\/1483"}],"wp:featuredmedia":[{"embeddable":true,"href":"https:\/\/wgphoto.pl\/t\/index.php?rest_route=\/wp\/v2\/media\/1482"}],"wp:attachment":[{"href":"https:\/\/wgphoto.pl\/t\/index.php?rest_route=%2Fwp%2Fv2%2Fmedia&parent=1481"}],"wp:term":[{"taxonomy":"category","embeddable":true,"href":"https:\/\/wgphoto.pl\/t\/index.php?rest_route=%2Fwp%2Fv2%2Fcategories&post=1481"},{"taxonomy":"post_tag","embeddable":true,"href":"https:\/\/wgphoto.pl\/t\/index.php?rest_route=%2Fwp%2Fv2%2Ftags&post=1481"}],"curies":[{"name":"wp","href":"https:\/\/api.w.org\/{rel}","templated":true}]}}