{"id":14811,"date":"2025-03-14T21:45:33","date_gmt":"2025-03-14T20:45:33","guid":{"rendered":"https:\/\/wgphoto.pl\/t\/?p=14811"},"modified":"2025-03-14T21:45:33","modified_gmt":"2025-03-14T20:45:33","slug":"102na-2017","status":"publish","type":"post","link":"https:\/\/wgphoto.pl\/t\/?p=14811","title":{"rendered":"102Na 2017"},"content":{"rendered":"\n<figure class=\"wp-block-image aligncenter size-full\"><img loading=\"lazy\" decoding=\"async\" width=\"900\" height=\"675\" src=\"https:\/\/wgphoto.pl\/t\/wp-content\/uploads\/2025\/03\/dscf7318.jpg\" alt=\"\" class=\"wp-image-14812\" srcset=\"https:\/\/wgphoto.pl\/t\/wp-content\/uploads\/2025\/03\/dscf7318.jpg 900w, https:\/\/wgphoto.pl\/t\/wp-content\/uploads\/2025\/03\/dscf7318-300x225.jpg 300w, https:\/\/wgphoto.pl\/t\/wp-content\/uploads\/2025\/03\/dscf7318-768x576.jpg 768w\" sizes=\"auto, (max-width: 900px) 100vw, 900px\" \/><\/figure>\n\n\n\n<div class=\"wp-block-group has-global-padding is-layout-constrained wp-block-group-is-layout-constrained\">\n<p>Objazdowa siedemnastka wyje\u017cd\u017ca z ulicy Mickiewicza i za moment przeprawi si\u0119 przez Odr\u0119 mostem Zwierzynieckim. O ile pami\u0119tam, spotkanie w\u00f3wczas ob\u0142ego przeguba na linii 17 nale\u017ca\u0142o ju\u017c do rzadko\u015bci, wagony te kr\u00f3lowa\u0142y natomiast na 14, 20 i 24. 12.08.2008<\/p>\n<\/div>\n","protected":false},"excerpt":{"rendered":"<p>Objazdowa siedemnastka wyje\u017cd\u017ca z ulicy Mickiewicza i za moment przeprawi si\u0119 przez Odr\u0119 mostem Zwierzynieckim. O ile pami\u0119tam, spotkanie w\u00f3wczas ob\u0142ego przeguba na linii 17 nale\u017ca\u0142o ju\u017c do rzadko\u015bci, wagony te kr\u00f3lowa\u0142y natomiast na 14, 20 i 24. 12.08.2008<\/p>\n","protected":false},"author":1,"featured_media":14812,"comment_status":"open","ping_status":"","sticky":false,"template":"","format":"standard","meta":{"footnotes":""},"categories":[120,3],"tags":[3508,309,42,27,41],"class_list":["post-14811","post","type-post","status-publish","format-standard","has-post-thumbnail","hentry","category-rok-2008","category-tramwaj","tag-2008-08-12","tag-konstal-102na","tag-mpk-wroclaw","tag-polska","tag-wroclaw"],"_links":{"self":[{"href":"https:\/\/wgphoto.pl\/t\/index.php?rest_route=\/wp\/v2\/posts\/14811","targetHints":{"allow":["GET"]}}],"collection":[{"href":"https:\/\/wgphoto.pl\/t\/index.php?rest_route=\/wp\/v2\/posts"}],"about":[{"href":"https:\/\/wgphoto.pl\/t\/index.php?rest_route=\/wp\/v2\/types\/post"}],"author":[{"embeddable":true,"href":"https:\/\/wgphoto.pl\/t\/index.php?rest_route=\/wp\/v2\/users\/1"}],"replies":[{"embeddable":true,"href":"https:\/\/wgphoto.pl\/t\/index.php?rest_route=%2Fwp%2Fv2%2Fcomments&post=14811"}],"version-history":[{"count":1,"href":"https:\/\/wgphoto.pl\/t\/index.php?rest_route=\/wp\/v2\/posts\/14811\/revisions"}],"predecessor-version":[{"id":14813,"href":"https:\/\/wgphoto.pl\/t\/index.php?rest_route=\/wp\/v2\/posts\/14811\/revisions\/14813"}],"wp:featuredmedia":[{"embeddable":true,"href":"https:\/\/wgphoto.pl\/t\/index.php?rest_route=\/wp\/v2\/media\/14812"}],"wp:attachment":[{"href":"https:\/\/wgphoto.pl\/t\/index.php?rest_route=%2Fwp%2Fv2%2Fmedia&parent=14811"}],"wp:term":[{"taxonomy":"category","embeddable":true,"href":"https:\/\/wgphoto.pl\/t\/index.php?rest_route=%2Fwp%2Fv2%2Fcategories&post=14811"},{"taxonomy":"post_tag","embeddable":true,"href":"https:\/\/wgphoto.pl\/t\/index.php?rest_route=%2Fwp%2Fv2%2Ftags&post=14811"}],"curies":[{"name":"wp","href":"https:\/\/api.w.org\/{rel}","templated":true}]}}