{"id":14814,"date":"2025-03-14T21:46:19","date_gmt":"2025-03-14T20:46:19","guid":{"rendered":"https:\/\/wgphoto.pl\/t\/?p=14814"},"modified":"2025-03-14T21:46:19","modified_gmt":"2025-03-14T20:46:19","slug":"102na-2068","status":"publish","type":"post","link":"https:\/\/wgphoto.pl\/t\/?p=14814","title":{"rendered":"102Na 2068"},"content":{"rendered":"\n<figure class=\"wp-block-image aligncenter size-full\"><img loading=\"lazy\" decoding=\"async\" width=\"1000\" height=\"665\" src=\"https:\/\/wgphoto.pl\/t\/wp-content\/uploads\/2025\/03\/dscf7210.jpg\" alt=\"\" class=\"wp-image-14815\" srcset=\"https:\/\/wgphoto.pl\/t\/wp-content\/uploads\/2025\/03\/dscf7210.jpg 1000w, https:\/\/wgphoto.pl\/t\/wp-content\/uploads\/2025\/03\/dscf7210-300x200.jpg 300w, https:\/\/wgphoto.pl\/t\/wp-content\/uploads\/2025\/03\/dscf7210-768x511.jpg 768w\" sizes=\"auto, (max-width: 1000px) 100vw, 1000px\" \/><\/figure>\n\n\n\n<div class=\"wp-block-group has-global-padding is-layout-constrained wp-block-group-is-layout-constrained\">\n<p>Dostojnie prezentuj\u0105cy si\u0119 (i, o ile pami\u0119tam, jeden z lepszych technicznie) wagon 2068 zosta\u0142 przy\u0142apany na nieu\u017cywanym liniowo odcinku Podwala. Dzisiaj ma\u0142a seryjka z czas\u00f3w, gdy wagony 102Na wyst\u0119powa\u0142y jeszcze do\u015b\u0107 licznie na rozmaitych liniach. 29.07.2008<\/p>\n<\/div>\n","protected":false},"excerpt":{"rendered":"<p>Dostojnie prezentuj\u0105cy si\u0119 (i, o ile pami\u0119tam, jeden z lepszych technicznie) wagon 2068 zosta\u0142 przy\u0142apany na nieu\u017cywanym liniowo odcinku Podwala. Dzisiaj ma\u0142a seryjka z czas\u00f3w, gdy wagony 102Na wyst\u0119powa\u0142y jeszcze do\u015b\u0107 licznie na rozmaitych liniach. 29.07.2008<\/p>\n","protected":false},"author":1,"featured_media":14815,"comment_status":"open","ping_status":"","sticky":false,"template":"","format":"standard","meta":{"footnotes":""},"categories":[120,3],"tags":[3509,309,42,27,41],"class_list":["post-14814","post","type-post","status-publish","format-standard","has-post-thumbnail","hentry","category-rok-2008","category-tramwaj","tag-2008-07-29","tag-konstal-102na","tag-mpk-wroclaw","tag-polska","tag-wroclaw"],"_links":{"self":[{"href":"https:\/\/wgphoto.pl\/t\/index.php?rest_route=\/wp\/v2\/posts\/14814","targetHints":{"allow":["GET"]}}],"collection":[{"href":"https:\/\/wgphoto.pl\/t\/index.php?rest_route=\/wp\/v2\/posts"}],"about":[{"href":"https:\/\/wgphoto.pl\/t\/index.php?rest_route=\/wp\/v2\/types\/post"}],"author":[{"embeddable":true,"href":"https:\/\/wgphoto.pl\/t\/index.php?rest_route=\/wp\/v2\/users\/1"}],"replies":[{"embeddable":true,"href":"https:\/\/wgphoto.pl\/t\/index.php?rest_route=%2Fwp%2Fv2%2Fcomments&post=14814"}],"version-history":[{"count":1,"href":"https:\/\/wgphoto.pl\/t\/index.php?rest_route=\/wp\/v2\/posts\/14814\/revisions"}],"predecessor-version":[{"id":14816,"href":"https:\/\/wgphoto.pl\/t\/index.php?rest_route=\/wp\/v2\/posts\/14814\/revisions\/14816"}],"wp:featuredmedia":[{"embeddable":true,"href":"https:\/\/wgphoto.pl\/t\/index.php?rest_route=\/wp\/v2\/media\/14815"}],"wp:attachment":[{"href":"https:\/\/wgphoto.pl\/t\/index.php?rest_route=%2Fwp%2Fv2%2Fmedia&parent=14814"}],"wp:term":[{"taxonomy":"category","embeddable":true,"href":"https:\/\/wgphoto.pl\/t\/index.php?rest_route=%2Fwp%2Fv2%2Fcategories&post=14814"},{"taxonomy":"post_tag","embeddable":true,"href":"https:\/\/wgphoto.pl\/t\/index.php?rest_route=%2Fwp%2Fv2%2Ftags&post=14814"}],"curies":[{"name":"wp","href":"https:\/\/api.w.org\/{rel}","templated":true}]}}