{"id":14817,"date":"2025-03-14T21:47:17","date_gmt":"2025-03-14T20:47:17","guid":{"rendered":"https:\/\/wgphoto.pl\/t\/?p=14817"},"modified":"2025-03-14T21:47:17","modified_gmt":"2025-03-14T20:47:17","slug":"odrobina-swiatla-dziennego","status":"publish","type":"post","link":"https:\/\/wgphoto.pl\/t\/?p=14817","title":{"rendered":"Odrobina \u015bwiat\u0142a dziennego"},"content":{"rendered":"\n<figure class=\"wp-block-image aligncenter size-full\"><img loading=\"lazy\" decoding=\"async\" width=\"1200\" height=\"803\" src=\"https:\/\/wgphoto.pl\/t\/wp-content\/uploads\/2025\/03\/imgp5863-1.jpg\" alt=\"\" class=\"wp-image-14818\" srcset=\"https:\/\/wgphoto.pl\/t\/wp-content\/uploads\/2025\/03\/imgp5863-1.jpg 1200w, https:\/\/wgphoto.pl\/t\/wp-content\/uploads\/2025\/03\/imgp5863-1-300x201.jpg 300w, https:\/\/wgphoto.pl\/t\/wp-content\/uploads\/2025\/03\/imgp5863-1-768x514.jpg 768w\" sizes=\"auto, (max-width: 1200px) 100vw, 1200px\" \/><\/figure>\n\n\n\n<div class=\"wp-block-group has-global-padding is-layout-constrained wp-block-group-is-layout-constrained\">\n<p>Niema\u0142y udzia\u0142 w trasach sztokholmskiego metra maj\u0105 odcinki naziemne. Ten przedstawiony poni\u017cej nie jest akurat szczeg\u00f3lnie reprezentatywny, poniewa\u017c tory opuszczaj\u0105 tunel tylko na d\u0142ugo\u015bci mostu przez jedn\u0105 z zatok wgryzaj\u0105cych si\u0119 g\u0142\u0119biej w sztokholmski l\u0105d. Poci\u0105g zestawiony z wagon\u00f3w najstarszej serii pojazd\u00f3w tutejszego metra &#8211; C6 &#8211; (prowadzi wagon 2733, rok produkcji 1973) pokonuje odcinek Danderyds sjukhus &#8211; Bergshamra na linii czerwonej. Odmienne malowanie ostatniego wagonu w sk\u0142adzie dowodzi, \u017ce przeszed\u0142 on remont, polegaj\u0105cy przede wszystkim na zmianie uk\u0142adu wn\u0119trza. Na podstawie jednoelementowej pr\u00f3bki pokusz\u0119 si\u0119 o wniosek, \u017ce pojazdy takie (typ C6, malowanie jak wy\u017cej i na ko\u0144cu) s\u0105 jedynymi w sztokholmskim metrze, w kt\u00f3rych pasa\u017cerowie siadaj\u0105 plecami do okien. 08.12.2011<\/p>\n<\/div>\n","protected":false},"excerpt":{"rendered":"<p>Niema\u0142y udzia\u0142 w trasach sztokholmskiego metra maj\u0105 odcinki naziemne. Ten przedstawiony poni\u017cej nie jest akurat szczeg\u00f3lnie reprezentatywny, poniewa\u017c tory opuszczaj\u0105 tunel tylko na d\u0142ugo\u015bci mostu przez jedn\u0105 z zatok wgryzaj\u0105cych si\u0119 g\u0142\u0119biej w sztokholmski l\u0105d. Poci\u0105g zestawiony z wagon\u00f3w najstarszej serii pojazd\u00f3w tutejszego metra &#8211; C6 &#8211; (prowadzi wagon 2733, rok produkcji 1973) pokonuje odcinek [&hellip;]<\/p>\n","protected":false},"author":1,"featured_media":14818,"comment_status":"open","ping_status":"","sticky":false,"template":"","format":"standard","meta":{"footnotes":""},"categories":[4,77],"tags":[1130,3291,682,1127,686,685],"class_list":["post-14817","post","type-post","status-publish","format-standard","has-post-thumbnail","hentry","category-metro","category-rok-2011","tag-2011-12-08","tag-c6","tag-sl-stockholm","tag-stockholms-tunnelbana","tag-sztokholm","tag-szwecja"],"_links":{"self":[{"href":"https:\/\/wgphoto.pl\/t\/index.php?rest_route=\/wp\/v2\/posts\/14817","targetHints":{"allow":["GET"]}}],"collection":[{"href":"https:\/\/wgphoto.pl\/t\/index.php?rest_route=\/wp\/v2\/posts"}],"about":[{"href":"https:\/\/wgphoto.pl\/t\/index.php?rest_route=\/wp\/v2\/types\/post"}],"author":[{"embeddable":true,"href":"https:\/\/wgphoto.pl\/t\/index.php?rest_route=\/wp\/v2\/users\/1"}],"replies":[{"embeddable":true,"href":"https:\/\/wgphoto.pl\/t\/index.php?rest_route=%2Fwp%2Fv2%2Fcomments&post=14817"}],"version-history":[{"count":1,"href":"https:\/\/wgphoto.pl\/t\/index.php?rest_route=\/wp\/v2\/posts\/14817\/revisions"}],"predecessor-version":[{"id":14819,"href":"https:\/\/wgphoto.pl\/t\/index.php?rest_route=\/wp\/v2\/posts\/14817\/revisions\/14819"}],"wp:featuredmedia":[{"embeddable":true,"href":"https:\/\/wgphoto.pl\/t\/index.php?rest_route=\/wp\/v2\/media\/14818"}],"wp:attachment":[{"href":"https:\/\/wgphoto.pl\/t\/index.php?rest_route=%2Fwp%2Fv2%2Fmedia&parent=14817"}],"wp:term":[{"taxonomy":"category","embeddable":true,"href":"https:\/\/wgphoto.pl\/t\/index.php?rest_route=%2Fwp%2Fv2%2Fcategories&post=14817"},{"taxonomy":"post_tag","embeddable":true,"href":"https:\/\/wgphoto.pl\/t\/index.php?rest_route=%2Fwp%2Fv2%2Ftags&post=14817"}],"curies":[{"name":"wp","href":"https:\/\/api.w.org\/{rel}","templated":true}]}}