{"id":14844,"date":"2025-03-14T21:54:29","date_gmt":"2025-03-14T20:54:29","guid":{"rendered":"https:\/\/wgphoto.pl\/t\/?p=14844"},"modified":"2025-03-14T21:54:29","modified_gmt":"2025-03-14T20:54:29","slug":"ekologia","status":"publish","type":"post","link":"https:\/\/wgphoto.pl\/t\/?p=14844","title":{"rendered":"Ekologia"},"content":{"rendered":"\n<figure class=\"wp-block-image aligncenter size-full\"><img loading=\"lazy\" decoding=\"async\" width=\"1024\" height=\"683\" src=\"https:\/\/wgphoto.pl\/t\/wp-content\/uploads\/2025\/03\/imgp6039.jpg\" alt=\"\" class=\"wp-image-14845\" srcset=\"https:\/\/wgphoto.pl\/t\/wp-content\/uploads\/2025\/03\/imgp6039.jpg 1024w, https:\/\/wgphoto.pl\/t\/wp-content\/uploads\/2025\/03\/imgp6039-300x200.jpg 300w, https:\/\/wgphoto.pl\/t\/wp-content\/uploads\/2025\/03\/imgp6039-768x512.jpg 768w\" sizes=\"auto, (max-width: 1024px) 100vw, 1024px\" \/><\/figure>\n\n\n\n<div class=\"wp-block-group has-global-padding is-layout-constrained wp-block-group-is-layout-constrained\">\n<p>C20 2144 wje\u017cd\u017ca na stacj\u0119 Solna centrum, kt\u00f3rej \u015bciany zdobi\u0105 malunki poruszaj\u0105ce tematyk\u0119 ochrony \u015brodowiska. Niekt\u00f3re bowiem stacje poza walorami artystycznymi nios\u0105 tak\u017ce przekaz edukacyjny, czego opr\u00f3cz stacji powy\u017cszej przyk\u0142adem mog\u0105 by\u0107 plansze spod uniwersytetu. 08.12.2011<\/p>\n<\/div>\n","protected":false},"excerpt":{"rendered":"<p>C20 2144 wje\u017cd\u017ca na stacj\u0119 Solna centrum, kt\u00f3rej \u015bciany zdobi\u0105 malunki poruszaj\u0105ce tematyk\u0119 ochrony \u015brodowiska. Niekt\u00f3re bowiem stacje poza walorami artystycznymi nios\u0105 tak\u017ce przekaz edukacyjny, czego opr\u00f3cz stacji powy\u017cszej przyk\u0142adem mog\u0105 by\u0107 plansze spod uniwersytetu. 08.12.2011<\/p>\n","protected":false},"author":1,"featured_media":14845,"comment_status":"open","ping_status":"","sticky":false,"template":"","format":"standard","meta":{"footnotes":""},"categories":[4,77],"tags":[1130,1129,682,719,1127,686,685,15],"class_list":["post-14844","post","type-post","status-publish","format-standard","has-post-thumbnail","hentry","category-metro","category-rok-2011","tag-2011-12-08","tag-c20","tag-sl-stockholm","tag-stacje-sztokholmskiego-metra","tag-stockholms-tunnelbana","tag-sztokholm","tag-szwecja","tag-tunel"],"_links":{"self":[{"href":"https:\/\/wgphoto.pl\/t\/index.php?rest_route=\/wp\/v2\/posts\/14844","targetHints":{"allow":["GET"]}}],"collection":[{"href":"https:\/\/wgphoto.pl\/t\/index.php?rest_route=\/wp\/v2\/posts"}],"about":[{"href":"https:\/\/wgphoto.pl\/t\/index.php?rest_route=\/wp\/v2\/types\/post"}],"author":[{"embeddable":true,"href":"https:\/\/wgphoto.pl\/t\/index.php?rest_route=\/wp\/v2\/users\/1"}],"replies":[{"embeddable":true,"href":"https:\/\/wgphoto.pl\/t\/index.php?rest_route=%2Fwp%2Fv2%2Fcomments&post=14844"}],"version-history":[{"count":1,"href":"https:\/\/wgphoto.pl\/t\/index.php?rest_route=\/wp\/v2\/posts\/14844\/revisions"}],"predecessor-version":[{"id":14846,"href":"https:\/\/wgphoto.pl\/t\/index.php?rest_route=\/wp\/v2\/posts\/14844\/revisions\/14846"}],"wp:featuredmedia":[{"embeddable":true,"href":"https:\/\/wgphoto.pl\/t\/index.php?rest_route=\/wp\/v2\/media\/14845"}],"wp:attachment":[{"href":"https:\/\/wgphoto.pl\/t\/index.php?rest_route=%2Fwp%2Fv2%2Fmedia&parent=14844"}],"wp:term":[{"taxonomy":"category","embeddable":true,"href":"https:\/\/wgphoto.pl\/t\/index.php?rest_route=%2Fwp%2Fv2%2Fcategories&post=14844"},{"taxonomy":"post_tag","embeddable":true,"href":"https:\/\/wgphoto.pl\/t\/index.php?rest_route=%2Fwp%2Fv2%2Ftags&post=14844"}],"curies":[{"name":"wp","href":"https:\/\/api.w.org\/{rel}","templated":true}]}}