{"id":14850,"date":"2025-03-14T21:56:37","date_gmt":"2025-03-14T20:56:37","guid":{"rendered":"https:\/\/wgphoto.pl\/t\/?p=14850"},"modified":"2025-03-14T23:10:57","modified_gmt":"2025-03-14T22:10:57","slug":"motyw-nieoczywisty","status":"publish","type":"post","link":"https:\/\/wgphoto.pl\/t\/?p=14850","title":{"rendered":"Motyw nieoczywisty"},"content":{"rendered":"\n<figure class=\"wp-block-image aligncenter size-full\"><img loading=\"lazy\" decoding=\"async\" width=\"1024\" height=\"683\" src=\"https:\/\/wgphoto.pl\/t\/wp-content\/uploads\/2025\/03\/imgp5001.jpg\" alt=\"\" class=\"wp-image-14851\" srcset=\"https:\/\/wgphoto.pl\/t\/wp-content\/uploads\/2025\/03\/imgp5001.jpg 1024w, https:\/\/wgphoto.pl\/t\/wp-content\/uploads\/2025\/03\/imgp5001-300x200.jpg 300w, https:\/\/wgphoto.pl\/t\/wp-content\/uploads\/2025\/03\/imgp5001-768x512.jpg 768w\" sizes=\"auto, (max-width: 1024px) 100vw, 1024px\" \/><\/figure>\n\n\n\n<div class=\"wp-block-group has-global-padding is-layout-constrained wp-block-group-is-layout-constrained\">\n<p>Poci\u0105g z poprzedniego zdj\u0119cia leniwie, nie szybciej ni\u017c 20 km\/h, przemierza \u0142uki mi\u0119dzy Olszanic\u0105 a Ustjanow\u0105. Mi\u0119dzy Zag\u00f3rzem a Kro\u015bcienkiem wbrew pozorom wcale nie tak \u0142atwo o dobre uj\u0119cie na szlaku. 23.07.2010<\/p>\n<\/div>\n","protected":false},"excerpt":{"rendered":"<p>Poci\u0105g z poprzedniego zdj\u0119cia leniwie, nie szybciej ni\u017c 20 km\/h, przemierza \u0142uki mi\u0119dzy Olszanic\u0105 a Ustjanow\u0105. Mi\u0119dzy Zag\u00f3rzem a Kro\u015bcienkiem wbrew pozorom wcale nie tak \u0142atwo o dobre uj\u0119cie na szlaku. 23.07.2010<\/p>\n","protected":false},"author":1,"featured_media":14851,"comment_status":"open","ping_status":"","sticky":false,"template":"","format":"standard","meta":{"footnotes":""},"categories":[2,86],"tags":[1052,3511,63,341,27,250,3189,3512],"class_list":["post-14850","post","type-post","status-publish","format-standard","has-post-thumbnail","hentry","category-kolej","category-rok-2010","tag-2010-07-23","tag-olszanica","tag-pkp","tag-podkarpacie-2010","tag-polska","tag-su42","tag-tab-pl133","tag-ustjanowa"],"_links":{"self":[{"href":"https:\/\/wgphoto.pl\/t\/index.php?rest_route=\/wp\/v2\/posts\/14850","targetHints":{"allow":["GET"]}}],"collection":[{"href":"https:\/\/wgphoto.pl\/t\/index.php?rest_route=\/wp\/v2\/posts"}],"about":[{"href":"https:\/\/wgphoto.pl\/t\/index.php?rest_route=\/wp\/v2\/types\/post"}],"author":[{"embeddable":true,"href":"https:\/\/wgphoto.pl\/t\/index.php?rest_route=\/wp\/v2\/users\/1"}],"replies":[{"embeddable":true,"href":"https:\/\/wgphoto.pl\/t\/index.php?rest_route=%2Fwp%2Fv2%2Fcomments&post=14850"}],"version-history":[{"count":1,"href":"https:\/\/wgphoto.pl\/t\/index.php?rest_route=\/wp\/v2\/posts\/14850\/revisions"}],"predecessor-version":[{"id":14852,"href":"https:\/\/wgphoto.pl\/t\/index.php?rest_route=\/wp\/v2\/posts\/14850\/revisions\/14852"}],"wp:featuredmedia":[{"embeddable":true,"href":"https:\/\/wgphoto.pl\/t\/index.php?rest_route=\/wp\/v2\/media\/14851"}],"wp:attachment":[{"href":"https:\/\/wgphoto.pl\/t\/index.php?rest_route=%2Fwp%2Fv2%2Fmedia&parent=14850"}],"wp:term":[{"taxonomy":"category","embeddable":true,"href":"https:\/\/wgphoto.pl\/t\/index.php?rest_route=%2Fwp%2Fv2%2Fcategories&post=14850"},{"taxonomy":"post_tag","embeddable":true,"href":"https:\/\/wgphoto.pl\/t\/index.php?rest_route=%2Fwp%2Fv2%2Ftags&post=14850"}],"curies":[{"name":"wp","href":"https:\/\/api.w.org\/{rel}","templated":true}]}}