{"id":14856,"date":"2025-03-14T21:58:11","date_gmt":"2025-03-14T20:58:11","guid":{"rendered":"https:\/\/wgphoto.pl\/t\/?p=14856"},"modified":"2025-03-14T23:10:26","modified_gmt":"2025-03-14T22:10:26","slug":"raz-na-dobe","status":"publish","type":"post","link":"https:\/\/wgphoto.pl\/t\/?p=14856","title":{"rendered":"Raz na dob\u0119"},"content":{"rendered":"\n<figure class=\"wp-block-image aligncenter size-full\"><img loading=\"lazy\" decoding=\"async\" width=\"1024\" height=\"683\" src=\"https:\/\/wgphoto.pl\/t\/wp-content\/uploads\/2025\/03\/imgp5008.jpg\" alt=\"\" class=\"wp-image-14857\" srcset=\"https:\/\/wgphoto.pl\/t\/wp-content\/uploads\/2025\/03\/imgp5008.jpg 1024w, https:\/\/wgphoto.pl\/t\/wp-content\/uploads\/2025\/03\/imgp5008-300x200.jpg 300w, https:\/\/wgphoto.pl\/t\/wp-content\/uploads\/2025\/03\/imgp5008-768x512.jpg 768w\" sizes=\"auto, (max-width: 1024px) 100vw, 1024px\" \/><\/figure>\n\n\n\n<div class=\"wp-block-group has-global-padding is-layout-constrained wp-block-group-is-layout-constrained\">\n<p>Poranny poci\u0105g osobowy 7921 z Jas\u0142a do ukrai\u0144skiego Chyrowa mija semafor wjazdowy do stacji Ustrzyki Dolne. By\u0142 to w\u00f3wczas jedyny poci\u0105g pasa\u017cerski (a by\u0107 mo\u017ce i jedyny w og\u00f3le) w ci\u0105gu doby, dla kt\u00f3rego wzmiankowany semafor m\u00f3g\u0142 &#8222;si\u0119 poda\u0107&#8221;, druga bowiem para mi\u0119dzynarodowych poci\u0105g\u00f3w kursowa\u0142a w skr\u00f3conej relacji Ustrzyki Dln. &#8211; Chyr\u00f3w, pod tym semaforem si\u0119 zatem nie pojawia\u0142a. 23.07.2010<\/p>\n<\/div>\n","protected":false},"excerpt":{"rendered":"<p>Poranny poci\u0105g osobowy 7921 z Jas\u0142a do ukrai\u0144skiego Chyrowa mija semafor wjazdowy do stacji Ustrzyki Dolne. By\u0142 to w\u00f3wczas jedyny poci\u0105g pasa\u017cerski (a by\u0107 mo\u017ce i jedyny w og\u00f3le) w ci\u0105gu doby, dla kt\u00f3rego wzmiankowany semafor m\u00f3g\u0142 &#8222;si\u0119 poda\u0107&#8221;, druga bowiem para mi\u0119dzynarodowych poci\u0105g\u00f3w kursowa\u0142a w skr\u00f3conej relacji Ustrzyki Dln. &#8211; Chyr\u00f3w, pod tym semaforem [&hellip;]<\/p>\n","protected":false},"author":1,"featured_media":14857,"comment_status":"open","ping_status":"","sticky":false,"template":"","format":"standard","meta":{"footnotes":""},"categories":[2,86],"tags":[1052,63,341,27,250,53,3189,3190],"class_list":["post-14856","post","type-post","status-publish","format-standard","has-post-thumbnail","hentry","category-kolej","category-rok-2010","tag-2010-07-23","tag-pkp","tag-podkarpacie-2010","tag-polska","tag-su42","tag-sygnalizacja-ksztaltowa","tag-tab-pl133","tag-ustrzyki-dolne"],"_links":{"self":[{"href":"https:\/\/wgphoto.pl\/t\/index.php?rest_route=\/wp\/v2\/posts\/14856","targetHints":{"allow":["GET"]}}],"collection":[{"href":"https:\/\/wgphoto.pl\/t\/index.php?rest_route=\/wp\/v2\/posts"}],"about":[{"href":"https:\/\/wgphoto.pl\/t\/index.php?rest_route=\/wp\/v2\/types\/post"}],"author":[{"embeddable":true,"href":"https:\/\/wgphoto.pl\/t\/index.php?rest_route=\/wp\/v2\/users\/1"}],"replies":[{"embeddable":true,"href":"https:\/\/wgphoto.pl\/t\/index.php?rest_route=%2Fwp%2Fv2%2Fcomments&post=14856"}],"version-history":[{"count":1,"href":"https:\/\/wgphoto.pl\/t\/index.php?rest_route=\/wp\/v2\/posts\/14856\/revisions"}],"predecessor-version":[{"id":14858,"href":"https:\/\/wgphoto.pl\/t\/index.php?rest_route=\/wp\/v2\/posts\/14856\/revisions\/14858"}],"wp:featuredmedia":[{"embeddable":true,"href":"https:\/\/wgphoto.pl\/t\/index.php?rest_route=\/wp\/v2\/media\/14857"}],"wp:attachment":[{"href":"https:\/\/wgphoto.pl\/t\/index.php?rest_route=%2Fwp%2Fv2%2Fmedia&parent=14856"}],"wp:term":[{"taxonomy":"category","embeddable":true,"href":"https:\/\/wgphoto.pl\/t\/index.php?rest_route=%2Fwp%2Fv2%2Fcategories&post=14856"},{"taxonomy":"post_tag","embeddable":true,"href":"https:\/\/wgphoto.pl\/t\/index.php?rest_route=%2Fwp%2Fv2%2Ftags&post=14856"}],"curies":[{"name":"wp","href":"https:\/\/api.w.org\/{rel}","templated":true}]}}