{"id":14862,"date":"2025-03-15T12:28:41","date_gmt":"2025-03-15T11:28:41","guid":{"rendered":"https:\/\/wgphoto.pl\/t\/?p=14862"},"modified":"2025-03-15T12:28:41","modified_gmt":"2025-03-15T11:28:41","slug":"105na-23122311","status":"publish","type":"post","link":"https:\/\/wgphoto.pl\/t\/?p=14862","title":{"rendered":"105Na 2312+2311"},"content":{"rendered":"\n<figure class=\"wp-block-image aligncenter size-full\"><img loading=\"lazy\" decoding=\"async\" width=\"1400\" height=\"913\" src=\"https:\/\/wgphoto.pl\/t\/wp-content\/uploads\/2025\/03\/0603-19_rsn.jpg\" alt=\"\" class=\"wp-image-14863\" srcset=\"https:\/\/wgphoto.pl\/t\/wp-content\/uploads\/2025\/03\/0603-19_rsn.jpg 1400w, https:\/\/wgphoto.pl\/t\/wp-content\/uploads\/2025\/03\/0603-19_rsn-300x196.jpg 300w, https:\/\/wgphoto.pl\/t\/wp-content\/uploads\/2025\/03\/0603-19_rsn-768x501.jpg 768w\" sizes=\"auto, (max-width: 1400px) 100vw, 1400px\" \/><\/figure>\n\n\n\n<div class=\"wp-block-group has-global-padding is-layout-constrained wp-block-group-is-layout-constrained\">\n<p>Wroc\u0142aw, ul. Powsta\u0144c\u00f3w \u015al\u0105skich, 105Na 2312+2311, 15.03.2006<\/p>\n<\/div>\n","protected":false},"excerpt":{"rendered":"<p>Wroc\u0142aw, ul. Powsta\u0144c\u00f3w \u015al\u0105skich, 105Na 2312+2311, 15.03.2006<\/p>\n","protected":false},"author":1,"featured_media":14863,"comment_status":"open","ping_status":"","sticky":false,"template":"","format":"standard","meta":{"footnotes":""},"categories":[62,130,3],"tags":[155,3515,42,27,44,41],"class_list":["post-14862","post","type-post","status-publish","format-standard","has-post-thumbnail","hentry","category-analog","category-rok-2006","category-tramwaj","tag-105na","tag-2006-03-15","tag-mpk-wroclaw","tag-polska","tag-snieg","tag-wroclaw"],"_links":{"self":[{"href":"https:\/\/wgphoto.pl\/t\/index.php?rest_route=\/wp\/v2\/posts\/14862","targetHints":{"allow":["GET"]}}],"collection":[{"href":"https:\/\/wgphoto.pl\/t\/index.php?rest_route=\/wp\/v2\/posts"}],"about":[{"href":"https:\/\/wgphoto.pl\/t\/index.php?rest_route=\/wp\/v2\/types\/post"}],"author":[{"embeddable":true,"href":"https:\/\/wgphoto.pl\/t\/index.php?rest_route=\/wp\/v2\/users\/1"}],"replies":[{"embeddable":true,"href":"https:\/\/wgphoto.pl\/t\/index.php?rest_route=%2Fwp%2Fv2%2Fcomments&post=14862"}],"version-history":[{"count":1,"href":"https:\/\/wgphoto.pl\/t\/index.php?rest_route=\/wp\/v2\/posts\/14862\/revisions"}],"predecessor-version":[{"id":14864,"href":"https:\/\/wgphoto.pl\/t\/index.php?rest_route=\/wp\/v2\/posts\/14862\/revisions\/14864"}],"wp:featuredmedia":[{"embeddable":true,"href":"https:\/\/wgphoto.pl\/t\/index.php?rest_route=\/wp\/v2\/media\/14863"}],"wp:attachment":[{"href":"https:\/\/wgphoto.pl\/t\/index.php?rest_route=%2Fwp%2Fv2%2Fmedia&parent=14862"}],"wp:term":[{"taxonomy":"category","embeddable":true,"href":"https:\/\/wgphoto.pl\/t\/index.php?rest_route=%2Fwp%2Fv2%2Fcategories&post=14862"},{"taxonomy":"post_tag","embeddable":true,"href":"https:\/\/wgphoto.pl\/t\/index.php?rest_route=%2Fwp%2Fv2%2Ftags&post=14862"}],"curies":[{"name":"wp","href":"https:\/\/api.w.org\/{rel}","templated":true}]}}