{"id":14868,"date":"2025-03-15T12:30:03","date_gmt":"2025-03-15T11:30:03","guid":{"rendered":"https:\/\/wgphoto.pl\/t\/?p=14868"},"modified":"2025-03-15T12:30:03","modified_gmt":"2025-03-15T11:30:03","slug":"102na-2081-bis","status":"publish","type":"post","link":"https:\/\/wgphoto.pl\/t\/?p=14868","title":{"rendered":"102Na 2081 bis"},"content":{"rendered":"\n<figure class=\"wp-block-image aligncenter size-full\"><img loading=\"lazy\" decoding=\"async\" width=\"1400\" height=\"927\" src=\"https:\/\/wgphoto.pl\/t\/wp-content\/uploads\/2025\/03\/0603-22_rsn.jpg\" alt=\"\" class=\"wp-image-14869\" srcset=\"https:\/\/wgphoto.pl\/t\/wp-content\/uploads\/2025\/03\/0603-22_rsn.jpg 1400w, https:\/\/wgphoto.pl\/t\/wp-content\/uploads\/2025\/03\/0603-22_rsn-300x199.jpg 300w, https:\/\/wgphoto.pl\/t\/wp-content\/uploads\/2025\/03\/0603-22_rsn-768x509.jpg 768w\" sizes=\"auto, (max-width: 1400px) 100vw, 1400px\" \/><\/figure>\n\n\n\n<div class=\"wp-block-group has-global-padding is-layout-constrained wp-block-group-is-layout-constrained\">\n<p>Wroc\u0142aw, ul. Powsta\u0144c\u00f3w \u015al\u0105skich, 102Na 2081&#8221; (ex-2041), 15.03.2006<\/p>\n<\/div>\n","protected":false},"excerpt":{"rendered":"<p>Wroc\u0142aw, ul. Powsta\u0144c\u00f3w \u015al\u0105skich, 102Na 2081&#8221; (ex-2041), 15.03.2006<\/p>\n","protected":false},"author":1,"featured_media":14869,"comment_status":"open","ping_status":"","sticky":false,"template":"","format":"standard","meta":{"footnotes":""},"categories":[62,130,3],"tags":[3515,309,42,27,44,41],"class_list":["post-14868","post","type-post","status-publish","format-standard","has-post-thumbnail","hentry","category-analog","category-rok-2006","category-tramwaj","tag-2006-03-15","tag-konstal-102na","tag-mpk-wroclaw","tag-polska","tag-snieg","tag-wroclaw"],"_links":{"self":[{"href":"https:\/\/wgphoto.pl\/t\/index.php?rest_route=\/wp\/v2\/posts\/14868","targetHints":{"allow":["GET"]}}],"collection":[{"href":"https:\/\/wgphoto.pl\/t\/index.php?rest_route=\/wp\/v2\/posts"}],"about":[{"href":"https:\/\/wgphoto.pl\/t\/index.php?rest_route=\/wp\/v2\/types\/post"}],"author":[{"embeddable":true,"href":"https:\/\/wgphoto.pl\/t\/index.php?rest_route=\/wp\/v2\/users\/1"}],"replies":[{"embeddable":true,"href":"https:\/\/wgphoto.pl\/t\/index.php?rest_route=%2Fwp%2Fv2%2Fcomments&post=14868"}],"version-history":[{"count":1,"href":"https:\/\/wgphoto.pl\/t\/index.php?rest_route=\/wp\/v2\/posts\/14868\/revisions"}],"predecessor-version":[{"id":14870,"href":"https:\/\/wgphoto.pl\/t\/index.php?rest_route=\/wp\/v2\/posts\/14868\/revisions\/14870"}],"wp:featuredmedia":[{"embeddable":true,"href":"https:\/\/wgphoto.pl\/t\/index.php?rest_route=\/wp\/v2\/media\/14869"}],"wp:attachment":[{"href":"https:\/\/wgphoto.pl\/t\/index.php?rest_route=%2Fwp%2Fv2%2Fmedia&parent=14868"}],"wp:term":[{"taxonomy":"category","embeddable":true,"href":"https:\/\/wgphoto.pl\/t\/index.php?rest_route=%2Fwp%2Fv2%2Fcategories&post=14868"},{"taxonomy":"post_tag","embeddable":true,"href":"https:\/\/wgphoto.pl\/t\/index.php?rest_route=%2Fwp%2Fv2%2Ftags&post=14868"}],"curies":[{"name":"wp","href":"https:\/\/api.w.org\/{rel}","templated":true}]}}