{"id":14871,"date":"2025-03-15T12:30:45","date_gmt":"2025-03-15T11:30:45","guid":{"rendered":"https:\/\/wgphoto.pl\/t\/?p=14871"},"modified":"2025-03-15T12:31:10","modified_gmt":"2025-03-15T11:31:10","slug":"102na-2038-2","status":"publish","type":"post","link":"https:\/\/wgphoto.pl\/t\/?p=14871","title":{"rendered":"102Na 2038"},"content":{"rendered":"\n<figure class=\"wp-block-image aligncenter size-full\"><img loading=\"lazy\" decoding=\"async\" width=\"1400\" height=\"927\" src=\"https:\/\/wgphoto.pl\/t\/wp-content\/uploads\/2025\/03\/0603-23_rsn.jpg\" alt=\"\" class=\"wp-image-14872\" srcset=\"https:\/\/wgphoto.pl\/t\/wp-content\/uploads\/2025\/03\/0603-23_rsn.jpg 1400w, https:\/\/wgphoto.pl\/t\/wp-content\/uploads\/2025\/03\/0603-23_rsn-300x199.jpg 300w, https:\/\/wgphoto.pl\/t\/wp-content\/uploads\/2025\/03\/0603-23_rsn-768x509.jpg 768w\" sizes=\"auto, (max-width: 1400px) 100vw, 1400px\" \/><\/figure>\n\n\n\n<div class=\"wp-block-group has-global-padding is-layout-constrained wp-block-group-is-layout-constrained\">\n<p>Wroc\u0142aw, ul. Powsta\u0144c\u00f3w \u015al\u0105skich, 102Na 2038. Okazj\u0105 do zdj\u0119\u0107 sta\u0142y si\u0119 &#8222;ozdoby&#8221; z okazji Przegl\u0105du Piosenki Aktorskiej, a ja jeszcze wtedy si\u0119 nie nauczy\u0142em, \u017ce ostro\u015b\u0107 nale\u017cy ustawi\u0107 na pojazd, a nie na &#8222;motyw&#8221;. \ud83d\ude09 15.03.2006<\/p>\n<\/div>\n","protected":false},"excerpt":{"rendered":"<p>Wroc\u0142aw, ul. Powsta\u0144c\u00f3w \u015al\u0105skich, 102Na 2038. Okazj\u0105 do zdj\u0119\u0107 sta\u0142y si\u0119 &#8222;ozdoby&#8221; z okazji Przegl\u0105du Piosenki Aktorskiej, a ja jeszcze wtedy si\u0119 nie nauczy\u0142em, \u017ce ostro\u015b\u0107 nale\u017cy ustawi\u0107 na pojazd, a nie na &#8222;motyw&#8221;. \ud83d\ude09 15.03.2006<\/p>\n","protected":false},"author":1,"featured_media":14872,"comment_status":"open","ping_status":"","sticky":false,"template":"","format":"standard","meta":{"footnotes":""},"categories":[62,130,3],"tags":[3515,309,42,27,44,41],"class_list":["post-14871","post","type-post","status-publish","format-standard","has-post-thumbnail","hentry","category-analog","category-rok-2006","category-tramwaj","tag-2006-03-15","tag-konstal-102na","tag-mpk-wroclaw","tag-polska","tag-snieg","tag-wroclaw"],"_links":{"self":[{"href":"https:\/\/wgphoto.pl\/t\/index.php?rest_route=\/wp\/v2\/posts\/14871","targetHints":{"allow":["GET"]}}],"collection":[{"href":"https:\/\/wgphoto.pl\/t\/index.php?rest_route=\/wp\/v2\/posts"}],"about":[{"href":"https:\/\/wgphoto.pl\/t\/index.php?rest_route=\/wp\/v2\/types\/post"}],"author":[{"embeddable":true,"href":"https:\/\/wgphoto.pl\/t\/index.php?rest_route=\/wp\/v2\/users\/1"}],"replies":[{"embeddable":true,"href":"https:\/\/wgphoto.pl\/t\/index.php?rest_route=%2Fwp%2Fv2%2Fcomments&post=14871"}],"version-history":[{"count":2,"href":"https:\/\/wgphoto.pl\/t\/index.php?rest_route=\/wp\/v2\/posts\/14871\/revisions"}],"predecessor-version":[{"id":14874,"href":"https:\/\/wgphoto.pl\/t\/index.php?rest_route=\/wp\/v2\/posts\/14871\/revisions\/14874"}],"wp:featuredmedia":[{"embeddable":true,"href":"https:\/\/wgphoto.pl\/t\/index.php?rest_route=\/wp\/v2\/media\/14872"}],"wp:attachment":[{"href":"https:\/\/wgphoto.pl\/t\/index.php?rest_route=%2Fwp%2Fv2%2Fmedia&parent=14871"}],"wp:term":[{"taxonomy":"category","embeddable":true,"href":"https:\/\/wgphoto.pl\/t\/index.php?rest_route=%2Fwp%2Fv2%2Fcategories&post=14871"},{"taxonomy":"post_tag","embeddable":true,"href":"https:\/\/wgphoto.pl\/t\/index.php?rest_route=%2Fwp%2Fv2%2Ftags&post=14871"}],"curies":[{"name":"wp","href":"https:\/\/api.w.org\/{rel}","templated":true}]}}