{"id":14885,"date":"2025-03-16T11:57:39","date_gmt":"2025-03-16T10:57:39","guid":{"rendered":"https:\/\/wgphoto.pl\/t\/?p=14885"},"modified":"2025-03-16T12:05:59","modified_gmt":"2025-03-16T11:05:59","slug":"zblizenie","status":"publish","type":"post","link":"https:\/\/wgphoto.pl\/t\/?p=14885","title":{"rendered":"Zbli\u017cenie"},"content":{"rendered":"\n<figure class=\"wp-block-image aligncenter size-full\"><img loading=\"lazy\" decoding=\"async\" width=\"1024\" height=\"683\" src=\"https:\/\/wgphoto.pl\/t\/wp-content\/uploads\/2025\/03\/imgp4775-1.jpg\" alt=\"\" class=\"wp-image-14886\" srcset=\"https:\/\/wgphoto.pl\/t\/wp-content\/uploads\/2025\/03\/imgp4775-1.jpg 1024w, https:\/\/wgphoto.pl\/t\/wp-content\/uploads\/2025\/03\/imgp4775-1-300x200.jpg 300w, https:\/\/wgphoto.pl\/t\/wp-content\/uploads\/2025\/03\/imgp4775-1-768x512.jpg 768w\" sizes=\"auto, (max-width: 1024px) 100vw, 1024px\" \/><\/figure>\n\n\n\n<div class=\"wp-block-group has-global-padding is-layout-constrained wp-block-group-is-layout-constrained\">\n<p>Okaza\u0142y sk\u0142ad wchodzi w \u0142uk na zako\u0144czeniu d\u0142ugiej prostej pomi\u0119dzy przystankami Milcza i Besko. Uj\u0119cie drugie, maj\u0105ce na celu bli\u017csz\u0105 prezentacj\u0119 lokomotywy. 21.07.2010<\/p>\n<\/div>\n","protected":false},"excerpt":{"rendered":"<p>Okaza\u0142y sk\u0142ad wchodzi w \u0142uk na zako\u0144czeniu d\u0142ugiej prostej pomi\u0119dzy przystankami Milcza i Besko. Uj\u0119cie drugie, maj\u0105ce na celu bli\u017csz\u0105 prezentacj\u0119 lokomotywy. 21.07.2010<\/p>\n","protected":false},"author":1,"featured_media":14886,"comment_status":"open","ping_status":"","sticky":false,"template":"","format":"standard","meta":{"footnotes":""},"categories":[2,86],"tags":[3513,3520,3519,63,341,27,64,471],"class_list":["post-14885","post","type-post","status-publish","format-standard","has-post-thumbnail","hentry","category-kolej","category-rok-2010","tag-2010-07-21","tag-besko","tag-milcza","tag-pkp","tag-podkarpacie-2010","tag-polska","tag-st43","tag-tab-pl131"],"_links":{"self":[{"href":"https:\/\/wgphoto.pl\/t\/index.php?rest_route=\/wp\/v2\/posts\/14885","targetHints":{"allow":["GET"]}}],"collection":[{"href":"https:\/\/wgphoto.pl\/t\/index.php?rest_route=\/wp\/v2\/posts"}],"about":[{"href":"https:\/\/wgphoto.pl\/t\/index.php?rest_route=\/wp\/v2\/types\/post"}],"author":[{"embeddable":true,"href":"https:\/\/wgphoto.pl\/t\/index.php?rest_route=\/wp\/v2\/users\/1"}],"replies":[{"embeddable":true,"href":"https:\/\/wgphoto.pl\/t\/index.php?rest_route=%2Fwp%2Fv2%2Fcomments&post=14885"}],"version-history":[{"count":1,"href":"https:\/\/wgphoto.pl\/t\/index.php?rest_route=\/wp\/v2\/posts\/14885\/revisions"}],"predecessor-version":[{"id":14887,"href":"https:\/\/wgphoto.pl\/t\/index.php?rest_route=\/wp\/v2\/posts\/14885\/revisions\/14887"}],"wp:featuredmedia":[{"embeddable":true,"href":"https:\/\/wgphoto.pl\/t\/index.php?rest_route=\/wp\/v2\/media\/14886"}],"wp:attachment":[{"href":"https:\/\/wgphoto.pl\/t\/index.php?rest_route=%2Fwp%2Fv2%2Fmedia&parent=14885"}],"wp:term":[{"taxonomy":"category","embeddable":true,"href":"https:\/\/wgphoto.pl\/t\/index.php?rest_route=%2Fwp%2Fv2%2Fcategories&post=14885"},{"taxonomy":"post_tag","embeddable":true,"href":"https:\/\/wgphoto.pl\/t\/index.php?rest_route=%2Fwp%2Fv2%2Ftags&post=14885"}],"curies":[{"name":"wp","href":"https:\/\/api.w.org\/{rel}","templated":true}]}}