{"id":14894,"date":"2025-03-16T11:59:50","date_gmt":"2025-03-16T10:59:50","guid":{"rendered":"https:\/\/wgphoto.pl\/t\/?p=14894"},"modified":"2025-03-16T12:05:29","modified_gmt":"2025-03-16T11:05:29","slug":"krzyzowanie-w-komanczy-1","status":"publish","type":"post","link":"https:\/\/wgphoto.pl\/t\/?p=14894","title":{"rendered":"Krzy\u017cowanie w Koma\u0144czy (1)"},"content":{"rendered":"\n<figure class=\"wp-block-image aligncenter size-full\"><img loading=\"lazy\" decoding=\"async\" width=\"1200\" height=\"803\" src=\"https:\/\/wgphoto.pl\/t\/wp-content\/uploads\/2025\/03\/imgp4803.jpg\" alt=\"\" class=\"wp-image-14895\" srcset=\"https:\/\/wgphoto.pl\/t\/wp-content\/uploads\/2025\/03\/imgp4803.jpg 1200w, https:\/\/wgphoto.pl\/t\/wp-content\/uploads\/2025\/03\/imgp4803-300x201.jpg 300w, https:\/\/wgphoto.pl\/t\/wp-content\/uploads\/2025\/03\/imgp4803-768x514.jpg 768w\" sizes=\"auto, (max-width: 1200px) 100vw, 1200px\" \/><\/figure>\n\n\n\n<div class=\"wp-block-group has-global-padding is-layout-constrained wp-block-group-is-layout-constrained\">\n<p>Koma\u0144cza. Kontenery opuszczaj\u0105 szlak od strony Szczawnego, na kt\u00f3rego zwolnienie oczekuje wahad\u0142o kamienne prowadzone ST43-389. Kruszywa u\u017cywano podczas remontu przepustu w Os\u0142awicy. 21.07.2010<\/p>\n<\/div>\n","protected":false},"excerpt":{"rendered":"<p>Koma\u0144cza. Kontenery opuszczaj\u0105 szlak od strony Szczawnego, na kt\u00f3rego zwolnienie oczekuje wahad\u0142o kamienne prowadzone ST43-389. Kruszywa u\u017cywano podczas remontu przepustu w Os\u0142awicy. 21.07.2010<\/p>\n","protected":false},"author":1,"featured_media":14895,"comment_status":"open","ping_status":"","sticky":false,"template":"","format":"standard","meta":{"footnotes":""},"categories":[2,86],"tags":[3513,347,63,341,27,64,53,344],"class_list":["post-14894","post","type-post","status-publish","format-standard","has-post-thumbnail","hentry","category-kolej","category-rok-2010","tag-2010-07-21","tag-komancza","tag-pkp","tag-podkarpacie-2010","tag-polska","tag-st43","tag-sygnalizacja-ksztaltowa","tag-tab-pl134"],"_links":{"self":[{"href":"https:\/\/wgphoto.pl\/t\/index.php?rest_route=\/wp\/v2\/posts\/14894","targetHints":{"allow":["GET"]}}],"collection":[{"href":"https:\/\/wgphoto.pl\/t\/index.php?rest_route=\/wp\/v2\/posts"}],"about":[{"href":"https:\/\/wgphoto.pl\/t\/index.php?rest_route=\/wp\/v2\/types\/post"}],"author":[{"embeddable":true,"href":"https:\/\/wgphoto.pl\/t\/index.php?rest_route=\/wp\/v2\/users\/1"}],"replies":[{"embeddable":true,"href":"https:\/\/wgphoto.pl\/t\/index.php?rest_route=%2Fwp%2Fv2%2Fcomments&post=14894"}],"version-history":[{"count":1,"href":"https:\/\/wgphoto.pl\/t\/index.php?rest_route=\/wp\/v2\/posts\/14894\/revisions"}],"predecessor-version":[{"id":14896,"href":"https:\/\/wgphoto.pl\/t\/index.php?rest_route=\/wp\/v2\/posts\/14894\/revisions\/14896"}],"wp:featuredmedia":[{"embeddable":true,"href":"https:\/\/wgphoto.pl\/t\/index.php?rest_route=\/wp\/v2\/media\/14895"}],"wp:attachment":[{"href":"https:\/\/wgphoto.pl\/t\/index.php?rest_route=%2Fwp%2Fv2%2Fmedia&parent=14894"}],"wp:term":[{"taxonomy":"category","embeddable":true,"href":"https:\/\/wgphoto.pl\/t\/index.php?rest_route=%2Fwp%2Fv2%2Fcategories&post=14894"},{"taxonomy":"post_tag","embeddable":true,"href":"https:\/\/wgphoto.pl\/t\/index.php?rest_route=%2Fwp%2Fv2%2Ftags&post=14894"}],"curies":[{"name":"wp","href":"https:\/\/api.w.org\/{rel}","templated":true}]}}