{"id":14900,"date":"2025-03-16T12:01:51","date_gmt":"2025-03-16T11:01:51","guid":{"rendered":"https:\/\/wgphoto.pl\/t\/?p=14900"},"modified":"2025-03-16T12:01:51","modified_gmt":"2025-03-16T11:01:51","slug":"koniec-trasy-5","status":"publish","type":"post","link":"https:\/\/wgphoto.pl\/t\/?p=14900","title":{"rendered":"Koniec trasy"},"content":{"rendered":"\n<figure class=\"wp-block-image aligncenter size-full\"><img loading=\"lazy\" decoding=\"async\" width=\"1024\" height=\"683\" src=\"https:\/\/wgphoto.pl\/t\/wp-content\/uploads\/2025\/03\/imgp4814.jpg\" alt=\"\" class=\"wp-image-14901\" srcset=\"https:\/\/wgphoto.pl\/t\/wp-content\/uploads\/2025\/03\/imgp4814.jpg 1024w, https:\/\/wgphoto.pl\/t\/wp-content\/uploads\/2025\/03\/imgp4814-300x200.jpg 300w, https:\/\/wgphoto.pl\/t\/wp-content\/uploads\/2025\/03\/imgp4814-768x512.jpg 768w\" sizes=\"auto, (max-width: 1024px) 100vw, 1024px\" \/><\/figure>\n\n\n\n<div class=\"wp-block-group has-global-padding is-layout-constrained wp-block-group-is-layout-constrained\">\n<p>\u0141upk\u00f3w fotografowany w do\u015b\u0107 problematycznych warunkach o\u015bwietleniowych &#8211; z b\u0142\u0119kitnym niebem i brakiem s\u0142o\u0144ca na pierwszym planie. ST43-303 za chwil\u0119 zako\u0144czy prac\u0119 przy tym poci\u0105gu; sk\u0142ad przejm\u0105 s\u0142owackie maszyny. 21.07.2010<\/p>\n<\/div>\n","protected":false},"excerpt":{"rendered":"<p>\u0141upk\u00f3w fotografowany w do\u015b\u0107 problematycznych warunkach o\u015bwietleniowych &#8211; z b\u0142\u0119kitnym niebem i brakiem s\u0142o\u0144ca na pierwszym planie. ST43-303 za chwil\u0119 zako\u0144czy prac\u0119 przy tym poci\u0105gu; sk\u0142ad przejm\u0105 s\u0142owackie maszyny. 21.07.2010<\/p>\n","protected":false},"author":1,"featured_media":14901,"comment_status":"open","ping_status":"","sticky":false,"template":"","format":"standard","meta":{"footnotes":""},"categories":[2,86],"tags":[3513,468,63,341,27,64,344],"class_list":["post-14900","post","type-post","status-publish","format-standard","has-post-thumbnail","hentry","category-kolej","category-rok-2010","tag-2010-07-21","tag-lupkow","tag-pkp","tag-podkarpacie-2010","tag-polska","tag-st43","tag-tab-pl134"],"_links":{"self":[{"href":"https:\/\/wgphoto.pl\/t\/index.php?rest_route=\/wp\/v2\/posts\/14900","targetHints":{"allow":["GET"]}}],"collection":[{"href":"https:\/\/wgphoto.pl\/t\/index.php?rest_route=\/wp\/v2\/posts"}],"about":[{"href":"https:\/\/wgphoto.pl\/t\/index.php?rest_route=\/wp\/v2\/types\/post"}],"author":[{"embeddable":true,"href":"https:\/\/wgphoto.pl\/t\/index.php?rest_route=\/wp\/v2\/users\/1"}],"replies":[{"embeddable":true,"href":"https:\/\/wgphoto.pl\/t\/index.php?rest_route=%2Fwp%2Fv2%2Fcomments&post=14900"}],"version-history":[{"count":1,"href":"https:\/\/wgphoto.pl\/t\/index.php?rest_route=\/wp\/v2\/posts\/14900\/revisions"}],"predecessor-version":[{"id":14902,"href":"https:\/\/wgphoto.pl\/t\/index.php?rest_route=\/wp\/v2\/posts\/14900\/revisions\/14902"}],"wp:featuredmedia":[{"embeddable":true,"href":"https:\/\/wgphoto.pl\/t\/index.php?rest_route=\/wp\/v2\/media\/14901"}],"wp:attachment":[{"href":"https:\/\/wgphoto.pl\/t\/index.php?rest_route=%2Fwp%2Fv2%2Fmedia&parent=14900"}],"wp:term":[{"taxonomy":"category","embeddable":true,"href":"https:\/\/wgphoto.pl\/t\/index.php?rest_route=%2Fwp%2Fv2%2Fcategories&post=14900"},{"taxonomy":"post_tag","embeddable":true,"href":"https:\/\/wgphoto.pl\/t\/index.php?rest_route=%2Fwp%2Fv2%2Ftags&post=14900"}],"curies":[{"name":"wp","href":"https:\/\/api.w.org\/{rel}","templated":true}]}}