{"id":14915,"date":"2025-03-16T12:08:50","date_gmt":"2025-03-16T11:08:50","guid":{"rendered":"https:\/\/wgphoto.pl\/t\/?p=14915"},"modified":"2025-03-16T12:08:50","modified_gmt":"2025-03-16T11:08:50","slug":"akademia-morska","status":"publish","type":"post","link":"https:\/\/wgphoto.pl\/t\/?p=14915","title":{"rendered":"Akademia Morska"},"content":{"rendered":"\n<figure class=\"wp-block-image aligncenter size-full\"><img loading=\"lazy\" decoding=\"async\" width=\"1024\" height=\"683\" src=\"https:\/\/wgphoto.pl\/t\/wp-content\/uploads\/2025\/03\/imgp3737.jpg\" alt=\"\" class=\"wp-image-14916\" srcset=\"https:\/\/wgphoto.pl\/t\/wp-content\/uploads\/2025\/03\/imgp3737.jpg 1024w, https:\/\/wgphoto.pl\/t\/wp-content\/uploads\/2025\/03\/imgp3737-300x200.jpg 300w, https:\/\/wgphoto.pl\/t\/wp-content\/uploads\/2025\/03\/imgp3737-768x512.jpg 768w\" sizes=\"auto, (max-width: 1024px) 100vw, 1024px\" \/><\/figure>\n\n\n\n<div class=\"wp-block-group has-global-padding is-layout-constrained wp-block-group-is-layout-constrained\">\n<p>Tallinn, p\u0119tla Kopli. Chyba ka\u017cdy, kto tu przyje\u017cd\u017ca na tramwajowe zdj\u0119cia, wykonuje standardowe uj\u0119cie z gmachem Esto\u0144skiej Akademii Morskiej. 2013-05-28<\/p>\n<\/div>\n","protected":false},"excerpt":{"rendered":"<p>Tallinn, p\u0119tla Kopli. Chyba ka\u017cdy, kto tu przyje\u017cd\u017ca na tramwajowe zdj\u0119cia, wykonuje standardowe uj\u0119cie z gmachem Esto\u0144skiej Akademii Morskiej. 2013-05-28<\/p>\n","protected":false},"author":1,"featured_media":14916,"comment_status":"open","ping_status":"","sticky":false,"template":"","format":"standard","meta":{"footnotes":""},"categories":[55,3],"tags":[1134,612,1131,1132,33,1133,294],"class_list":["post-14915","post","type-post","status-publish","format-standard","has-post-thumbnail","hentry","category-rok-2013","category-tramwaj","tag-2013-05-28","tag-druga-majowka-2013","tag-estonia","tag-tallinn","tag-tatra-kt4","tag-tlt-tallinn","tag-wiosna"],"_links":{"self":[{"href":"https:\/\/wgphoto.pl\/t\/index.php?rest_route=\/wp\/v2\/posts\/14915","targetHints":{"allow":["GET"]}}],"collection":[{"href":"https:\/\/wgphoto.pl\/t\/index.php?rest_route=\/wp\/v2\/posts"}],"about":[{"href":"https:\/\/wgphoto.pl\/t\/index.php?rest_route=\/wp\/v2\/types\/post"}],"author":[{"embeddable":true,"href":"https:\/\/wgphoto.pl\/t\/index.php?rest_route=\/wp\/v2\/users\/1"}],"replies":[{"embeddable":true,"href":"https:\/\/wgphoto.pl\/t\/index.php?rest_route=%2Fwp%2Fv2%2Fcomments&post=14915"}],"version-history":[{"count":1,"href":"https:\/\/wgphoto.pl\/t\/index.php?rest_route=\/wp\/v2\/posts\/14915\/revisions"}],"predecessor-version":[{"id":14917,"href":"https:\/\/wgphoto.pl\/t\/index.php?rest_route=\/wp\/v2\/posts\/14915\/revisions\/14917"}],"wp:featuredmedia":[{"embeddable":true,"href":"https:\/\/wgphoto.pl\/t\/index.php?rest_route=\/wp\/v2\/media\/14916"}],"wp:attachment":[{"href":"https:\/\/wgphoto.pl\/t\/index.php?rest_route=%2Fwp%2Fv2%2Fmedia&parent=14915"}],"wp:term":[{"taxonomy":"category","embeddable":true,"href":"https:\/\/wgphoto.pl\/t\/index.php?rest_route=%2Fwp%2Fv2%2Fcategories&post=14915"},{"taxonomy":"post_tag","embeddable":true,"href":"https:\/\/wgphoto.pl\/t\/index.php?rest_route=%2Fwp%2Fv2%2Ftags&post=14915"}],"curies":[{"name":"wp","href":"https:\/\/api.w.org\/{rel}","templated":true}]}}