{"id":14930,"date":"2025-03-16T12:13:30","date_gmt":"2025-03-16T11:13:30","guid":{"rendered":"https:\/\/wgphoto.pl\/t\/?p=14930"},"modified":"2025-03-16T12:13:30","modified_gmt":"2025-03-16T11:13:30","slug":"123-metry","status":"publish","type":"post","link":"https:\/\/wgphoto.pl\/t\/?p=14930","title":{"rendered":"123 metry"},"content":{"rendered":"\n<figure class=\"wp-block-image aligncenter size-full\"><img loading=\"lazy\" decoding=\"async\" width=\"750\" height=\"1000\" src=\"https:\/\/wgphoto.pl\/t\/wp-content\/uploads\/2025\/03\/imgp4255.jpg\" alt=\"\" class=\"wp-image-14931\" srcset=\"https:\/\/wgphoto.pl\/t\/wp-content\/uploads\/2025\/03\/imgp4255.jpg 750w, https:\/\/wgphoto.pl\/t\/wp-content\/uploads\/2025\/03\/imgp4255-225x300.jpg 225w\" sizes=\"auto, (max-width: 750px) 100vw, 750px\" \/><\/figure>\n\n\n\n<div class=\"wp-block-group has-global-padding is-layout-constrained wp-block-group-is-layout-constrained\">\n<p>Ryga, Akmens tilts. Sk\u0142ad T3A 51514+51525? w ostatnich promieniach zachodz\u0105cego s\u0142o\u0144ca przeje\u017cd\u017ca nad D\u017awin\u0105 do lewobrze\u017cnej cz\u0119\u015bci miasta. W tle widoczna jest 123-metrowej wysoko\u015bci wie\u017ca ko\u015bcio\u0142a \u015bw. Piotra, kt\u00f3ra wraz z dwoma wie\u017cami z poprzedniego zdj\u0119cia stanowi charakterystyczny skyline \u015br\u00f3dmie\u015bcia stolicy \u0141otwy. 2013-05-30<\/p>\n<\/div>\n","protected":false},"excerpt":{"rendered":"<p>Ryga, Akmens tilts. Sk\u0142ad T3A 51514+51525? w ostatnich promieniach zachodz\u0105cego s\u0142o\u0144ca przeje\u017cd\u017ca nad D\u017awin\u0105 do lewobrze\u017cnej cz\u0119\u015bci miasta. W tle widoczna jest 123-metrowej wysoko\u015bci wie\u017ca ko\u015bcio\u0142a \u015bw. Piotra, kt\u00f3ra wraz z dwoma wie\u017cami z poprzedniego zdj\u0119cia stanowi charakterystyczny skyline \u015br\u00f3dmie\u015bcia stolicy \u0141otwy. 2013-05-30<\/p>\n","protected":false},"author":1,"featured_media":14931,"comment_status":"open","ping_status":"","sticky":false,"template":"","format":"standard","meta":{"footnotes":""},"categories":[128,55,3],"tags":[60,612,56,613,57,1011,90],"class_list":["post-14930","post","type-post","status-publish","format-standard","has-post-thumbnail","hentry","category-pionowe","category-rok-2013","category-tramwaj","tag-2013-05-30","tag-druga-majowka-2013","tag-lotwa","tag-rs-riga","tag-ryga","tag-tatra-t3","tag-wieczorem"],"_links":{"self":[{"href":"https:\/\/wgphoto.pl\/t\/index.php?rest_route=\/wp\/v2\/posts\/14930","targetHints":{"allow":["GET"]}}],"collection":[{"href":"https:\/\/wgphoto.pl\/t\/index.php?rest_route=\/wp\/v2\/posts"}],"about":[{"href":"https:\/\/wgphoto.pl\/t\/index.php?rest_route=\/wp\/v2\/types\/post"}],"author":[{"embeddable":true,"href":"https:\/\/wgphoto.pl\/t\/index.php?rest_route=\/wp\/v2\/users\/1"}],"replies":[{"embeddable":true,"href":"https:\/\/wgphoto.pl\/t\/index.php?rest_route=%2Fwp%2Fv2%2Fcomments&post=14930"}],"version-history":[{"count":1,"href":"https:\/\/wgphoto.pl\/t\/index.php?rest_route=\/wp\/v2\/posts\/14930\/revisions"}],"predecessor-version":[{"id":14932,"href":"https:\/\/wgphoto.pl\/t\/index.php?rest_route=\/wp\/v2\/posts\/14930\/revisions\/14932"}],"wp:featuredmedia":[{"embeddable":true,"href":"https:\/\/wgphoto.pl\/t\/index.php?rest_route=\/wp\/v2\/media\/14931"}],"wp:attachment":[{"href":"https:\/\/wgphoto.pl\/t\/index.php?rest_route=%2Fwp%2Fv2%2Fmedia&parent=14930"}],"wp:term":[{"taxonomy":"category","embeddable":true,"href":"https:\/\/wgphoto.pl\/t\/index.php?rest_route=%2Fwp%2Fv2%2Fcategories&post=14930"},{"taxonomy":"post_tag","embeddable":true,"href":"https:\/\/wgphoto.pl\/t\/index.php?rest_route=%2Fwp%2Fv2%2Ftags&post=14930"}],"curies":[{"name":"wp","href":"https:\/\/api.w.org\/{rel}","templated":true}]}}