{"id":14942,"date":"2025-03-16T12:18:31","date_gmt":"2025-03-16T11:18:31","guid":{"rendered":"https:\/\/wgphoto.pl\/t\/?p=14942"},"modified":"2025-03-16T12:19:07","modified_gmt":"2025-03-16T11:19:07","slug":"%d0%b5%d0%b2-na-stacji-hatar-ut","status":"publish","type":"post","link":"https:\/\/wgphoto.pl\/t\/?p=14942","title":{"rendered":"\u0415\u0432 na stacji Hat\u00e1r \u00fat"},"content":{"rendered":"\n<figure class=\"wp-block-image aligncenter size-full\"><img loading=\"lazy\" decoding=\"async\" width=\"1050\" height=\"700\" src=\"https:\/\/wgphoto.pl\/t\/wp-content\/uploads\/2025\/03\/IMGP5232.jpg\" alt=\"\" class=\"wp-image-14943\" srcset=\"https:\/\/wgphoto.pl\/t\/wp-content\/uploads\/2025\/03\/IMGP5232.jpg 1050w, https:\/\/wgphoto.pl\/t\/wp-content\/uploads\/2025\/03\/IMGP5232-300x200.jpg 300w, https:\/\/wgphoto.pl\/t\/wp-content\/uploads\/2025\/03\/IMGP5232-768x512.jpg 768w\" sizes=\"auto, (max-width: 1050px) 100vw, 1050px\" \/><\/figure>\n\n\n\n<div class=\"wp-block-group has-global-padding is-layout-constrained wp-block-group-is-layout-constrained\">\n<p>Zdaje si\u0119, \u017ce wyroby Metrowagonmaszu wycofano ju\u017c w ca\u0142o\u015bci z linii M2, stanowi\u0105 one za to wy\u0142\u0105czn\u0105 obs\u0142ug\u0119 na trasie M3. Nie s\u0105dzi\u0142em jednak, \u017ce uda mi si\u0119 jeszcze spotka\u0107 wiekowy egzemplarz serii \u0415\u0432 z lat 70-tych. W pe\u0142nej rozdzielczo\u015bci \u0142adnie wida\u0107 jak pani maszynistka ze strachem w oczach patrzy na terroryst\u0119 z aparatem. \ud83d\ude09 18.06.2014<\/p>\n<\/div>\n","protected":false},"excerpt":{"rendered":"<p>Zdaje si\u0119, \u017ce wyroby Metrowagonmaszu wycofano ju\u017c w ca\u0142o\u015bci z linii M2, stanowi\u0105 one za to wy\u0142\u0105czn\u0105 obs\u0142ug\u0119 na trasie M3. Nie s\u0105dzi\u0142em jednak, \u017ce uda mi si\u0119 jeszcze spotka\u0107 wiekowy egzemplarz serii \u0415\u0432 z lat 70-tych. W pe\u0142nej rozdzielczo\u015bci \u0142adnie wida\u0107 jak pani maszynistka ze strachem w oczach patrzy na terroryst\u0119 z aparatem. \ud83d\ude09 [&hellip;]<\/p>\n","protected":false},"author":1,"featured_media":14943,"comment_status":"open","ping_status":"","sticky":false,"template":"","format":"standard","meta":{"footnotes":""},"categories":[4,48],"tags":[148,147,2898,144,151,2659,221,15,105],"class_list":["post-14942","post","type-post","status-publish","format-standard","has-post-thumbnail","hentry","category-metro","category-rok-2014","tag-2014-06-18","tag-bkv-budapest","tag-budapesti-metro","tag-budapeszt","tag-ludzie","tag-metrowagonmasz-e","tag-stacje-budapesztanskiego-metra","tag-tunel","tag-wegry"],"_links":{"self":[{"href":"https:\/\/wgphoto.pl\/t\/index.php?rest_route=\/wp\/v2\/posts\/14942","targetHints":{"allow":["GET"]}}],"collection":[{"href":"https:\/\/wgphoto.pl\/t\/index.php?rest_route=\/wp\/v2\/posts"}],"about":[{"href":"https:\/\/wgphoto.pl\/t\/index.php?rest_route=\/wp\/v2\/types\/post"}],"author":[{"embeddable":true,"href":"https:\/\/wgphoto.pl\/t\/index.php?rest_route=\/wp\/v2\/users\/1"}],"replies":[{"embeddable":true,"href":"https:\/\/wgphoto.pl\/t\/index.php?rest_route=%2Fwp%2Fv2%2Fcomments&post=14942"}],"version-history":[{"count":1,"href":"https:\/\/wgphoto.pl\/t\/index.php?rest_route=\/wp\/v2\/posts\/14942\/revisions"}],"predecessor-version":[{"id":14944,"href":"https:\/\/wgphoto.pl\/t\/index.php?rest_route=\/wp\/v2\/posts\/14942\/revisions\/14944"}],"wp:featuredmedia":[{"embeddable":true,"href":"https:\/\/wgphoto.pl\/t\/index.php?rest_route=\/wp\/v2\/media\/14943"}],"wp:attachment":[{"href":"https:\/\/wgphoto.pl\/t\/index.php?rest_route=%2Fwp%2Fv2%2Fmedia&parent=14942"}],"wp:term":[{"taxonomy":"category","embeddable":true,"href":"https:\/\/wgphoto.pl\/t\/index.php?rest_route=%2Fwp%2Fv2%2Fcategories&post=14942"},{"taxonomy":"post_tag","embeddable":true,"href":"https:\/\/wgphoto.pl\/t\/index.php?rest_route=%2Fwp%2Fv2%2Ftags&post=14942"}],"curies":[{"name":"wp","href":"https:\/\/api.w.org\/{rel}","templated":true}]}}