{"id":14947,"date":"2025-03-16T21:18:34","date_gmt":"2025-03-16T20:18:34","guid":{"rendered":"https:\/\/wgphoto.pl\/t\/?p=14947"},"modified":"2025-03-16T21:18:34","modified_gmt":"2025-03-16T20:18:34","slug":"ep09-024","status":"publish","type":"post","link":"https:\/\/wgphoto.pl\/t\/?p=14947","title":{"rendered":"EP09-024"},"content":{"rendered":"\n<figure class=\"wp-block-image aligncenter size-full\"><img loading=\"lazy\" decoding=\"async\" width=\"1200\" height=\"800\" src=\"https:\/\/wgphoto.pl\/t\/wp-content\/uploads\/2025\/03\/IMGP3828.jpg\" alt=\"\" class=\"wp-image-14948\" srcset=\"https:\/\/wgphoto.pl\/t\/wp-content\/uploads\/2025\/03\/IMGP3828.jpg 1200w, https:\/\/wgphoto.pl\/t\/wp-content\/uploads\/2025\/03\/IMGP3828-300x200.jpg 300w, https:\/\/wgphoto.pl\/t\/wp-content\/uploads\/2025\/03\/IMGP3828-768x512.jpg 768w\" sizes=\"auto, (max-width: 1200px) 100vw, 1200px\" \/><\/figure>\n\n\n\n<div class=\"wp-block-group has-global-padding is-layout-constrained wp-block-group-is-layout-constrained\">\n<p>TLK 6505 &#8222;Artus&#8221; z Wroc\u0142awia G\u0142. do Gdyni G\u0142. opuszcza stacj\u0119 Wroc\u0142aw Popowice. [uwaga z 2025] W sumie to ju\u017c zapomnia\u0142em, \u017ce nowy most by\u0142 got\u00f3w ju\u017c w 2016.  21.02.2016<\/p>\n<\/div>\n","protected":false},"excerpt":{"rendered":"<p>TLK 6505 &#8222;Artus&#8221; z Wroc\u0142awia G\u0142. do Gdyni G\u0142. opuszcza stacj\u0119 Wroc\u0142aw Popowice. [uwaga z 2025] W sumie to ju\u017c zapomnia\u0142em, \u017ce nowy most by\u0142 got\u00f3w ju\u017c w 2016. 21.02.2016<\/p>\n","protected":false},"author":1,"featured_media":14948,"comment_status":"open","ping_status":"","sticky":false,"template":"","format":"standard","meta":{"footnotes":""},"categories":[2,125],"tags":[3524,2461,63,27,190,41,75],"class_list":["post-14947","post","type-post","status-publish","format-standard","has-post-thumbnail","hentry","category-kolej","category-rok-2016","tag-2016-02-21","tag-ep09","tag-pkp","tag-polska","tag-tab-pl330","tag-wroclaw","tag-wroclaw-popowice"],"_links":{"self":[{"href":"https:\/\/wgphoto.pl\/t\/index.php?rest_route=\/wp\/v2\/posts\/14947","targetHints":{"allow":["GET"]}}],"collection":[{"href":"https:\/\/wgphoto.pl\/t\/index.php?rest_route=\/wp\/v2\/posts"}],"about":[{"href":"https:\/\/wgphoto.pl\/t\/index.php?rest_route=\/wp\/v2\/types\/post"}],"author":[{"embeddable":true,"href":"https:\/\/wgphoto.pl\/t\/index.php?rest_route=\/wp\/v2\/users\/1"}],"replies":[{"embeddable":true,"href":"https:\/\/wgphoto.pl\/t\/index.php?rest_route=%2Fwp%2Fv2%2Fcomments&post=14947"}],"version-history":[{"count":1,"href":"https:\/\/wgphoto.pl\/t\/index.php?rest_route=\/wp\/v2\/posts\/14947\/revisions"}],"predecessor-version":[{"id":14949,"href":"https:\/\/wgphoto.pl\/t\/index.php?rest_route=\/wp\/v2\/posts\/14947\/revisions\/14949"}],"wp:featuredmedia":[{"embeddable":true,"href":"https:\/\/wgphoto.pl\/t\/index.php?rest_route=\/wp\/v2\/media\/14948"}],"wp:attachment":[{"href":"https:\/\/wgphoto.pl\/t\/index.php?rest_route=%2Fwp%2Fv2%2Fmedia&parent=14947"}],"wp:term":[{"taxonomy":"category","embeddable":true,"href":"https:\/\/wgphoto.pl\/t\/index.php?rest_route=%2Fwp%2Fv2%2Fcategories&post=14947"},{"taxonomy":"post_tag","embeddable":true,"href":"https:\/\/wgphoto.pl\/t\/index.php?rest_route=%2Fwp%2Fv2%2Ftags&post=14947"}],"curies":[{"name":"wp","href":"https:\/\/api.w.org\/{rel}","templated":true}]}}