{"id":14950,"date":"2025-03-16T21:19:30","date_gmt":"2025-03-16T20:19:30","guid":{"rendered":"https:\/\/wgphoto.pl\/t\/?p=14950"},"modified":"2025-12-21T20:27:51","modified_gmt":"2025-12-21T19:27:51","slug":"nowoczesnosc-w-domu-i-zagrodzie","status":"publish","type":"post","link":"https:\/\/wgphoto.pl\/t\/?p=14950","title":{"rendered":"Nowoczesno\u015b\u0107 w domu i zagrodzie"},"content":{"rendered":"\n<figure class=\"wp-block-image aligncenter size-full\"><img loading=\"lazy\" decoding=\"async\" width=\"1200\" height=\"800\" src=\"https:\/\/wgphoto.pl\/t\/wp-content\/uploads\/2025\/03\/IMGP3703-1.jpg\" alt=\"\" class=\"wp-image-14952\" srcset=\"https:\/\/wgphoto.pl\/t\/wp-content\/uploads\/2025\/03\/IMGP3703-1.jpg 1200w, https:\/\/wgphoto.pl\/t\/wp-content\/uploads\/2025\/03\/IMGP3703-1-300x200.jpg 300w, https:\/\/wgphoto.pl\/t\/wp-content\/uploads\/2025\/03\/IMGP3703-1-768x512.jpg 768w\" sizes=\"auto, (max-width: 1200px) 100vw, 1200px\" \/><\/figure>\n\n\n\n<div class=\"wp-block-group has-global-padding is-layout-constrained wp-block-group-is-layout-constrained\">\n<p>Wroc\u0142aw, al. Ludomira R\u00f3\u017cyckiego. Przedstawiciel najnowszej serii wroc\u0142awskich tramwaj\u00f3w w jednym z pierwszych dni jazdy liniowej wykonuje kurs linii 9. Na przedniej szybie straszy jeszcze pozna\u0144ska czcionka numeru taborowego. Pod koniec 2015 roku zakupiono sze\u015b\u0107 takich pojazd\u00f3w od podpozna\u0144skiego producenta Modertrans Sp. z o.o., kt\u00f3ry tramwaje z tej rodziny dostarcza\u0142 dotychczas dla MPK Pozna\u0144, a ostatnio r\u00f3wnie\u017c w wersji dwukierunkowej dla Tramwaj\u00f3w \u015al\u0105skich. 03.01.2016<\/p>\n<\/div>\n","protected":false},"excerpt":{"rendered":"<p>Wroc\u0142aw, al. Ludomira R\u00f3\u017cyckiego. Przedstawiciel najnowszej serii wroc\u0142awskich tramwaj\u00f3w w jednym z pierwszych dni jazdy liniowej wykonuje kurs linii 9. Na przedniej szybie straszy jeszcze pozna\u0144ska czcionka numeru taborowego. Pod koniec 2015 roku zakupiono sze\u015b\u0107 takich pojazd\u00f3w od podpozna\u0144skiego producenta Modertrans Sp. z o.o., kt\u00f3ry tramwaje z tej rodziny dostarcza\u0142 dotychczas dla MPK Pozna\u0144, a [&hellip;]<\/p>\n","protected":false},"author":1,"featured_media":14952,"comment_status":"open","ping_status":"","sticky":false,"template":"","format":"standard","meta":{"footnotes":""},"categories":[125,3],"tags":[3525,4603,501,42,27,44,41],"class_list":["post-14950","post","type-post","status-publish","format-standard","has-post-thumbnail","hentry","category-rok-2016","category-tramwaj","tag-2016-01-03","tag-mf19ac","tag-moderus-beta","tag-mpk-wroclaw","tag-polska","tag-snieg","tag-wroclaw"],"_links":{"self":[{"href":"https:\/\/wgphoto.pl\/t\/index.php?rest_route=\/wp\/v2\/posts\/14950","targetHints":{"allow":["GET"]}}],"collection":[{"href":"https:\/\/wgphoto.pl\/t\/index.php?rest_route=\/wp\/v2\/posts"}],"about":[{"href":"https:\/\/wgphoto.pl\/t\/index.php?rest_route=\/wp\/v2\/types\/post"}],"author":[{"embeddable":true,"href":"https:\/\/wgphoto.pl\/t\/index.php?rest_route=\/wp\/v2\/users\/1"}],"replies":[{"embeddable":true,"href":"https:\/\/wgphoto.pl\/t\/index.php?rest_route=%2Fwp%2Fv2%2Fcomments&post=14950"}],"version-history":[{"count":1,"href":"https:\/\/wgphoto.pl\/t\/index.php?rest_route=\/wp\/v2\/posts\/14950\/revisions"}],"predecessor-version":[{"id":14953,"href":"https:\/\/wgphoto.pl\/t\/index.php?rest_route=\/wp\/v2\/posts\/14950\/revisions\/14953"}],"wp:featuredmedia":[{"embeddable":true,"href":"https:\/\/wgphoto.pl\/t\/index.php?rest_route=\/wp\/v2\/media\/14952"}],"wp:attachment":[{"href":"https:\/\/wgphoto.pl\/t\/index.php?rest_route=%2Fwp%2Fv2%2Fmedia&parent=14950"}],"wp:term":[{"taxonomy":"category","embeddable":true,"href":"https:\/\/wgphoto.pl\/t\/index.php?rest_route=%2Fwp%2Fv2%2Fcategories&post=14950"},{"taxonomy":"post_tag","embeddable":true,"href":"https:\/\/wgphoto.pl\/t\/index.php?rest_route=%2Fwp%2Fv2%2Ftags&post=14950"}],"curies":[{"name":"wp","href":"https:\/\/api.w.org\/{rel}","templated":true}]}}