{"id":14954,"date":"2025-03-16T21:21:02","date_gmt":"2025-03-16T20:21:02","guid":{"rendered":"https:\/\/wgphoto.pl\/t\/?p=14954"},"modified":"2025-12-21T20:27:38","modified_gmt":"2025-12-21T19:27:38","slug":"kolderka","status":"publish","type":"post","link":"https:\/\/wgphoto.pl\/t\/?p=14954","title":{"rendered":"Ko\u0142derka"},"content":{"rendered":"\n<figure class=\"wp-block-image aligncenter size-full\"><img loading=\"lazy\" decoding=\"async\" width=\"1200\" height=\"800\" src=\"https:\/\/wgphoto.pl\/t\/wp-content\/uploads\/2025\/03\/IMGP4076.jpg\" alt=\"\" class=\"wp-image-14955\" srcset=\"https:\/\/wgphoto.pl\/t\/wp-content\/uploads\/2025\/03\/IMGP4076.jpg 1200w, https:\/\/wgphoto.pl\/t\/wp-content\/uploads\/2025\/03\/IMGP4076-300x200.jpg 300w, https:\/\/wgphoto.pl\/t\/wp-content\/uploads\/2025\/03\/IMGP4076-768x512.jpg 768w\" sizes=\"auto, (max-width: 1200px) 100vw, 1200px\" \/><\/figure>\n\n\n\n<div class=\"wp-block-group has-global-padding is-layout-constrained wp-block-group-is-layout-constrained\">\n<p>Najnowszy w\u00f3zek MPK Wroc\u0142aw [na 20.04.2016, kiedy po raz pierwszy za\u0142adowa\u0142em to foto na poprzedni\u0105 www] przegl\u0105da si\u0119 w ka\u0142u\u017cy na p\u0119tli przy ulicy Zawalnej. Granatowe wroc\u0142awskie tramwaje s\u0105 dla mnie swego rodzaju zagadk\u0105, gdy\u017c nie uda\u0142o mi si\u0119 jeszcze takiego pojazdu sfotografowa\u0107 w taki spos\u00f3b, \u017ceby wygl\u0105da\u0142 tak jak widzi go ludzkie oko. Noc\u0105 s\u0105 ciemn\u0105 plam\u0105, o\u015blepiaj\u0105c\u0105 bardzo jasnym o\u015bwietleniem, w dzie\u0144 za\u015b za spraw\u0105 lakieru metallic odbijaj\u0105 kolory otoczenia niczym lustro. W rezultacie nie spos\u00f3b pokaza\u0107 g\u0142\u0119bi\u0119 tej ca\u0142kiem \u0142adnej (je\u015bli jest czysta), granatowej barwy. 09.04.2016<\/p>\n<\/div>\n","protected":false},"excerpt":{"rendered":"<p>Najnowszy w\u00f3zek MPK Wroc\u0142aw [na 20.04.2016, kiedy po raz pierwszy za\u0142adowa\u0142em to foto na poprzedni\u0105 www] przegl\u0105da si\u0119 w ka\u0142u\u017cy na p\u0119tli przy ulicy Zawalnej. Granatowe wroc\u0142awskie tramwaje s\u0105 dla mnie swego rodzaju zagadk\u0105, gdy\u017c nie uda\u0142o mi si\u0119 jeszcze takiego pojazdu sfotografowa\u0107 w taki spos\u00f3b, \u017ceby wygl\u0105da\u0142 tak jak widzi go ludzkie oko. Noc\u0105 [&hellip;]<\/p>\n","protected":false},"author":1,"featured_media":14955,"comment_status":"open","ping_status":"","sticky":false,"template":"","format":"standard","meta":{"footnotes":""},"categories":[125,3],"tags":[3526,13,4603,501,42,154,27,439,41],"class_list":["post-14954","post","type-post","status-publish","format-standard","has-post-thumbnail","hentry","category-rok-2016","category-tramwaj","tag-2016-04-09","tag-deszcz","tag-mf19ac","tag-moderus-beta","tag-mpk-wroclaw","tag-noc","tag-polska","tag-we-fabryce","tag-wroclaw"],"_links":{"self":[{"href":"https:\/\/wgphoto.pl\/t\/index.php?rest_route=\/wp\/v2\/posts\/14954","targetHints":{"allow":["GET"]}}],"collection":[{"href":"https:\/\/wgphoto.pl\/t\/index.php?rest_route=\/wp\/v2\/posts"}],"about":[{"href":"https:\/\/wgphoto.pl\/t\/index.php?rest_route=\/wp\/v2\/types\/post"}],"author":[{"embeddable":true,"href":"https:\/\/wgphoto.pl\/t\/index.php?rest_route=\/wp\/v2\/users\/1"}],"replies":[{"embeddable":true,"href":"https:\/\/wgphoto.pl\/t\/index.php?rest_route=%2Fwp%2Fv2%2Fcomments&post=14954"}],"version-history":[{"count":1,"href":"https:\/\/wgphoto.pl\/t\/index.php?rest_route=\/wp\/v2\/posts\/14954\/revisions"}],"predecessor-version":[{"id":14956,"href":"https:\/\/wgphoto.pl\/t\/index.php?rest_route=\/wp\/v2\/posts\/14954\/revisions\/14956"}],"wp:featuredmedia":[{"embeddable":true,"href":"https:\/\/wgphoto.pl\/t\/index.php?rest_route=\/wp\/v2\/media\/14955"}],"wp:attachment":[{"href":"https:\/\/wgphoto.pl\/t\/index.php?rest_route=%2Fwp%2Fv2%2Fmedia&parent=14954"}],"wp:term":[{"taxonomy":"category","embeddable":true,"href":"https:\/\/wgphoto.pl\/t\/index.php?rest_route=%2Fwp%2Fv2%2Fcategories&post=14954"},{"taxonomy":"post_tag","embeddable":true,"href":"https:\/\/wgphoto.pl\/t\/index.php?rest_route=%2Fwp%2Fv2%2Ftags&post=14954"}],"curies":[{"name":"wp","href":"https:\/\/api.w.org\/{rel}","templated":true}]}}