{"id":14957,"date":"2025-03-16T21:21:59","date_gmt":"2025-03-16T20:21:59","guid":{"rendered":"https:\/\/wgphoto.pl\/t\/?p=14957"},"modified":"2025-12-21T20:27:25","modified_gmt":"2025-12-21T19:27:25","slug":"z-koniecznosci","status":"publish","type":"post","link":"https:\/\/wgphoto.pl\/t\/?p=14957","title":{"rendered":"Z konieczno\u015bci"},"content":{"rendered":"\n<figure class=\"wp-block-image aligncenter size-full\"><img loading=\"lazy\" decoding=\"async\" width=\"1150\" height=\"800\" src=\"https:\/\/wgphoto.pl\/t\/wp-content\/uploads\/2025\/03\/IMGP5329.jpg\" alt=\"\" class=\"wp-image-14958\" srcset=\"https:\/\/wgphoto.pl\/t\/wp-content\/uploads\/2025\/03\/IMGP5329.jpg 1150w, https:\/\/wgphoto.pl\/t\/wp-content\/uploads\/2025\/03\/IMGP5329-300x209.jpg 300w, https:\/\/wgphoto.pl\/t\/wp-content\/uploads\/2025\/03\/IMGP5329-768x534.jpg 768w\" sizes=\"auto, (max-width: 1150px) 100vw, 1150px\" \/><\/figure>\n\n\n\n<div class=\"wp-block-group has-global-padding is-layout-constrained wp-block-group-is-layout-constrained\">\n<p>Wroc\u0142aw, ul. Nowowiejska. W zwi\u0105zku z zaistnia\u0142\u0105 konieczno\u015bci\u0105 zafocenia kilku granatowych wybra\u0142em si\u0119 na miasto &#8211; z marn\u0105 skuteczno\u015bci\u0105. Mo\u017ce b\u0119dzie mi si\u0119 chcia\u0142o kiedy\u015b to poprawi\u0107 bez cienia na cz\u0142onie B (tak, trzeci cz\u0142on jest cz\u0142onem B). 15.05.2016<\/p>\n<\/div>\n","protected":false},"excerpt":{"rendered":"<p>Wroc\u0142aw, ul. Nowowiejska. W zwi\u0105zku z zaistnia\u0142\u0105 konieczno\u015bci\u0105 zafocenia kilku granatowych wybra\u0142em si\u0119 na miasto &#8211; z marn\u0105 skuteczno\u015bci\u0105. Mo\u017ce b\u0119dzie mi si\u0119 chcia\u0142o kiedy\u015b to poprawi\u0107 bez cienia na cz\u0142onie B (tak, trzeci cz\u0142on jest cz\u0142onem B). 15.05.2016<\/p>\n","protected":false},"author":1,"featured_media":14958,"comment_status":"open","ping_status":"","sticky":false,"template":"","format":"standard","meta":{"footnotes":""},"categories":[125,3],"tags":[3527,34,4603,501,42,27,41],"class_list":["post-14957","post","type-post","status-publish","format-standard","has-post-thumbnail","hentry","category-rok-2016","category-tramwaj","tag-2016-05-15","tag-architektura","tag-mf19ac","tag-moderus-beta","tag-mpk-wroclaw","tag-polska","tag-wroclaw"],"_links":{"self":[{"href":"https:\/\/wgphoto.pl\/t\/index.php?rest_route=\/wp\/v2\/posts\/14957","targetHints":{"allow":["GET"]}}],"collection":[{"href":"https:\/\/wgphoto.pl\/t\/index.php?rest_route=\/wp\/v2\/posts"}],"about":[{"href":"https:\/\/wgphoto.pl\/t\/index.php?rest_route=\/wp\/v2\/types\/post"}],"author":[{"embeddable":true,"href":"https:\/\/wgphoto.pl\/t\/index.php?rest_route=\/wp\/v2\/users\/1"}],"replies":[{"embeddable":true,"href":"https:\/\/wgphoto.pl\/t\/index.php?rest_route=%2Fwp%2Fv2%2Fcomments&post=14957"}],"version-history":[{"count":1,"href":"https:\/\/wgphoto.pl\/t\/index.php?rest_route=\/wp\/v2\/posts\/14957\/revisions"}],"predecessor-version":[{"id":14959,"href":"https:\/\/wgphoto.pl\/t\/index.php?rest_route=\/wp\/v2\/posts\/14957\/revisions\/14959"}],"wp:featuredmedia":[{"embeddable":true,"href":"https:\/\/wgphoto.pl\/t\/index.php?rest_route=\/wp\/v2\/media\/14958"}],"wp:attachment":[{"href":"https:\/\/wgphoto.pl\/t\/index.php?rest_route=%2Fwp%2Fv2%2Fmedia&parent=14957"}],"wp:term":[{"taxonomy":"category","embeddable":true,"href":"https:\/\/wgphoto.pl\/t\/index.php?rest_route=%2Fwp%2Fv2%2Fcategories&post=14957"},{"taxonomy":"post_tag","embeddable":true,"href":"https:\/\/wgphoto.pl\/t\/index.php?rest_route=%2Fwp%2Fv2%2Ftags&post=14957"}],"curies":[{"name":"wp","href":"https:\/\/api.w.org\/{rel}","templated":true}]}}