{"id":14960,"date":"2025-03-16T21:22:44","date_gmt":"2025-03-16T20:22:44","guid":{"rendered":"https:\/\/wgphoto.pl\/t\/?p=14960"},"modified":"2025-12-21T20:27:13","modified_gmt":"2025-12-21T19:27:13","slug":"z-koniecznosci-po-raz-drugi","status":"publish","type":"post","link":"https:\/\/wgphoto.pl\/t\/?p=14960","title":{"rendered":"Z konieczno\u015bci po raz drugi"},"content":{"rendered":"\n<figure class=\"wp-block-image aligncenter size-full\"><img loading=\"lazy\" decoding=\"async\" width=\"1200\" height=\"795\" src=\"https:\/\/wgphoto.pl\/t\/wp-content\/uploads\/2025\/03\/IMGP5316.jpg\" alt=\"\" class=\"wp-image-14961\" srcset=\"https:\/\/wgphoto.pl\/t\/wp-content\/uploads\/2025\/03\/IMGP5316.jpg 1200w, https:\/\/wgphoto.pl\/t\/wp-content\/uploads\/2025\/03\/IMGP5316-300x199.jpg 300w, https:\/\/wgphoto.pl\/t\/wp-content\/uploads\/2025\/03\/IMGP5316-768x509.jpg 768w\" sizes=\"auto, (max-width: 1200px) 100vw, 1200px\" \/><\/figure>\n\n\n\n<div class=\"wp-block-group has-global-padding is-layout-constrained wp-block-group-is-layout-constrained\">\n<p>Wroc\u0142aw, ul. Nowowiejska. Przystanek Prusa, na kt\u00f3rym zatrzymuje si\u0119 wagon 2802, jest jedynym we Wroc\u0142awiu wyposa\u017conym w perony w formie antyzatok, gdzie odpowiednio rozsuni\u0119to osie tor\u00f3w tak, aby w obr\u0119bie przystanku zachowa\u0107 skrajni\u0119 dla szerszych pojazd\u00f3w (np. autobus\u00f3w). 15.05.2016<\/p>\n<\/div>\n","protected":false},"excerpt":{"rendered":"<p>Wroc\u0142aw, ul. Nowowiejska. Przystanek Prusa, na kt\u00f3rym zatrzymuje si\u0119 wagon 2802, jest jedynym we Wroc\u0142awiu wyposa\u017conym w perony w formie antyzatok, gdzie odpowiednio rozsuni\u0119to osie tor\u00f3w tak, aby w obr\u0119bie przystanku zachowa\u0107 skrajni\u0119 dla szerszych pojazd\u00f3w (np. autobus\u00f3w). 15.05.2016<\/p>\n","protected":false},"author":1,"featured_media":14961,"comment_status":"open","ping_status":"","sticky":false,"template":"","format":"standard","meta":{"footnotes":""},"categories":[125,3],"tags":[3527,4603,501,42,27,41],"class_list":["post-14960","post","type-post","status-publish","format-standard","has-post-thumbnail","hentry","category-rok-2016","category-tramwaj","tag-2016-05-15","tag-mf19ac","tag-moderus-beta","tag-mpk-wroclaw","tag-polska","tag-wroclaw"],"_links":{"self":[{"href":"https:\/\/wgphoto.pl\/t\/index.php?rest_route=\/wp\/v2\/posts\/14960","targetHints":{"allow":["GET"]}}],"collection":[{"href":"https:\/\/wgphoto.pl\/t\/index.php?rest_route=\/wp\/v2\/posts"}],"about":[{"href":"https:\/\/wgphoto.pl\/t\/index.php?rest_route=\/wp\/v2\/types\/post"}],"author":[{"embeddable":true,"href":"https:\/\/wgphoto.pl\/t\/index.php?rest_route=\/wp\/v2\/users\/1"}],"replies":[{"embeddable":true,"href":"https:\/\/wgphoto.pl\/t\/index.php?rest_route=%2Fwp%2Fv2%2Fcomments&post=14960"}],"version-history":[{"count":1,"href":"https:\/\/wgphoto.pl\/t\/index.php?rest_route=\/wp\/v2\/posts\/14960\/revisions"}],"predecessor-version":[{"id":14962,"href":"https:\/\/wgphoto.pl\/t\/index.php?rest_route=\/wp\/v2\/posts\/14960\/revisions\/14962"}],"wp:featuredmedia":[{"embeddable":true,"href":"https:\/\/wgphoto.pl\/t\/index.php?rest_route=\/wp\/v2\/media\/14961"}],"wp:attachment":[{"href":"https:\/\/wgphoto.pl\/t\/index.php?rest_route=%2Fwp%2Fv2%2Fmedia&parent=14960"}],"wp:term":[{"taxonomy":"category","embeddable":true,"href":"https:\/\/wgphoto.pl\/t\/index.php?rest_route=%2Fwp%2Fv2%2Fcategories&post=14960"},{"taxonomy":"post_tag","embeddable":true,"href":"https:\/\/wgphoto.pl\/t\/index.php?rest_route=%2Fwp%2Fv2%2Ftags&post=14960"}],"curies":[{"name":"wp","href":"https:\/\/api.w.org\/{rel}","templated":true}]}}