{"id":14963,"date":"2025-03-16T21:23:56","date_gmt":"2025-03-16T20:23:56","guid":{"rendered":"https:\/\/wgphoto.pl\/t\/?p=14963"},"modified":"2025-12-21T20:26:59","modified_gmt":"2025-12-21T19:26:59","slug":"pomiedzy-czlonem-a-i-czlonem-b","status":"publish","type":"post","link":"https:\/\/wgphoto.pl\/t\/?p=14963","title":{"rendered":"Pomi\u0119dzy cz\u0142onem A i cz\u0142onem B"},"content":{"rendered":"\n<figure class=\"wp-block-image aligncenter size-full\"><img loading=\"lazy\" decoding=\"async\" width=\"1200\" height=\"795\" src=\"https:\/\/wgphoto.pl\/t\/wp-content\/uploads\/2025\/03\/IMGP4003.jpg\" alt=\"\" class=\"wp-image-14964\" srcset=\"https:\/\/wgphoto.pl\/t\/wp-content\/uploads\/2025\/03\/IMGP4003.jpg 1200w, https:\/\/wgphoto.pl\/t\/wp-content\/uploads\/2025\/03\/IMGP4003-300x199.jpg 300w, https:\/\/wgphoto.pl\/t\/wp-content\/uploads\/2025\/03\/IMGP4003-768x509.jpg 768w\" sizes=\"auto, (max-width: 1200px) 100vw, 1200px\" \/><\/figure>\n\n\n\n<div class=\"wp-block-group has-global-padding is-layout-constrained wp-block-group-is-layout-constrained\">\n<p>\u2026wisi sobie kawa\u0142ek niskiej pod\u0142ogi, na kt\u00f3rym nie ma nic poza dwoma widocznymi siedzeniami. Plusem na pewno jest mn\u00f3stwo miejsca na kilka w\u00f3zk\u00f3w (zw\u0142aszcza dzieci\u0119cych &#8211; bo te szczeg\u00f3lnie lubi\u0105 si\u0119 kumulowa\u0107), ale zazwyczaj brakuje jednak tych kilku krzese\u0142 dla bab\u0107, kt\u00f3re nawet si\u0119 zorientowa\u0142y, \u017ce w tych drzwiach jest niska pod\u0142oga i to tutaj b\u0119dzie \u0142atwiej wsiada\u0107. Jaka nagroda czeka je wewn\u0105trz? Konieczno\u015b\u0107 wdrapywania si\u0119 po schodach do skrajnych cz\u0142on\u00f3w, gdzie mo\u017cna usi\u0105\u015b\u0107. I niech mi kto\u015b powie, \u017ce wn\u0119trze tego tramwaju jest ergonomiczne i przemy\u015blane. Poniek\u0105d jest, ale wyk\u0142ada si\u0119 na szczeg\u00f3\u0142ach. 28.03.2016<\/p>\n<\/div>\n","protected":false},"excerpt":{"rendered":"<p>\u2026wisi sobie kawa\u0142ek niskiej pod\u0142ogi, na kt\u00f3rym nie ma nic poza dwoma widocznymi siedzeniami. Plusem na pewno jest mn\u00f3stwo miejsca na kilka w\u00f3zk\u00f3w (zw\u0142aszcza dzieci\u0119cych &#8211; bo te szczeg\u00f3lnie lubi\u0105 si\u0119 kumulowa\u0107), ale zazwyczaj brakuje jednak tych kilku krzese\u0142 dla bab\u0107, kt\u00f3re nawet si\u0119 zorientowa\u0142y, \u017ce w tych drzwiach jest niska pod\u0142oga i to tutaj [&hellip;]<\/p>\n","protected":false},"author":1,"featured_media":14964,"comment_status":"open","ping_status":"","sticky":false,"template":"","format":"standard","meta":{"footnotes":""},"categories":[220,125,3],"tags":[3528,4603,501,42,27,454,41],"class_list":["post-14963","post","type-post","status-publish","format-standard","has-post-thumbnail","hentry","category-blo","category-rok-2016","category-tramwaj","tag-2016-03-28","tag-mf19ac","tag-moderus-beta","tag-mpk-wroclaw","tag-polska","tag-wnetrza-pojazdow","tag-wroclaw"],"_links":{"self":[{"href":"https:\/\/wgphoto.pl\/t\/index.php?rest_route=\/wp\/v2\/posts\/14963","targetHints":{"allow":["GET"]}}],"collection":[{"href":"https:\/\/wgphoto.pl\/t\/index.php?rest_route=\/wp\/v2\/posts"}],"about":[{"href":"https:\/\/wgphoto.pl\/t\/index.php?rest_route=\/wp\/v2\/types\/post"}],"author":[{"embeddable":true,"href":"https:\/\/wgphoto.pl\/t\/index.php?rest_route=\/wp\/v2\/users\/1"}],"replies":[{"embeddable":true,"href":"https:\/\/wgphoto.pl\/t\/index.php?rest_route=%2Fwp%2Fv2%2Fcomments&post=14963"}],"version-history":[{"count":1,"href":"https:\/\/wgphoto.pl\/t\/index.php?rest_route=\/wp\/v2\/posts\/14963\/revisions"}],"predecessor-version":[{"id":14965,"href":"https:\/\/wgphoto.pl\/t\/index.php?rest_route=\/wp\/v2\/posts\/14963\/revisions\/14965"}],"wp:featuredmedia":[{"embeddable":true,"href":"https:\/\/wgphoto.pl\/t\/index.php?rest_route=\/wp\/v2\/media\/14964"}],"wp:attachment":[{"href":"https:\/\/wgphoto.pl\/t\/index.php?rest_route=%2Fwp%2Fv2%2Fmedia&parent=14963"}],"wp:term":[{"taxonomy":"category","embeddable":true,"href":"https:\/\/wgphoto.pl\/t\/index.php?rest_route=%2Fwp%2Fv2%2Fcategories&post=14963"},{"taxonomy":"post_tag","embeddable":true,"href":"https:\/\/wgphoto.pl\/t\/index.php?rest_route=%2Fwp%2Fv2%2Ftags&post=14963"}],"curies":[{"name":"wp","href":"https:\/\/api.w.org\/{rel}","templated":true}]}}