{"id":14981,"date":"2025-03-16T21:29:32","date_gmt":"2025-03-16T20:29:32","guid":{"rendered":"https:\/\/wgphoto.pl\/t\/?p=14981"},"modified":"2025-03-16T21:29:32","modified_gmt":"2025-03-16T20:29:32","slug":"rozbiorka","status":"publish","type":"post","link":"https:\/\/wgphoto.pl\/t\/?p=14981","title":{"rendered":"Rozbi\u00f3rka"},"content":{"rendered":"\n<figure class=\"wp-block-image aligncenter size-full\"><img loading=\"lazy\" decoding=\"async\" width=\"1200\" height=\"795\" src=\"https:\/\/wgphoto.pl\/t\/wp-content\/uploads\/2025\/03\/IMGP8618.jpg\" alt=\"\" class=\"wp-image-14982\" srcset=\"https:\/\/wgphoto.pl\/t\/wp-content\/uploads\/2025\/03\/IMGP8618.jpg 1200w, https:\/\/wgphoto.pl\/t\/wp-content\/uploads\/2025\/03\/IMGP8618-300x199.jpg 300w, https:\/\/wgphoto.pl\/t\/wp-content\/uploads\/2025\/03\/IMGP8618-768x509.jpg 768w\" sizes=\"auto, (max-width: 1200px) 100vw, 1200px\" \/><\/figure>\n\n\n\n<div class=\"wp-block-group has-global-padding is-layout-constrained wp-block-group-is-layout-constrained\">\n<p>Nigdy nie by\u0142o mi po drodze aby zwiedzi\u0107 biurowiec &#8222;Navicentrum&#8221; przy Nowym Targu, dobrze wi\u0119c \u017ce chocia\u017c z takiej perspektywy mog\u0119 zajrze\u0107 do \u015brodka. \ud83d\ude09 03.12.2016<\/p>\n<\/div>\n","protected":false},"excerpt":{"rendered":"<p>Nigdy nie by\u0142o mi po drodze aby zwiedzi\u0107 biurowiec &#8222;Navicentrum&#8221; przy Nowym Targu, dobrze wi\u0119c \u017ce chocia\u017c z takiej perspektywy mog\u0119 zajrze\u0107 do \u015brodka. \ud83d\ude09 03.12.2016<\/p>\n","protected":false},"author":1,"featured_media":14982,"comment_status":"open","ping_status":"","sticky":false,"template":"","format":"standard","meta":{"footnotes":""},"categories":[125,3],"tags":[3535,745,42,27,215,216,41],"class_list":["post-14981","post","type-post","status-publish","format-standard","has-post-thumbnail","hentry","category-rok-2016","category-tramwaj","tag-2016-12-03","tag-budowa","tag-mpk-wroclaw","tag-polska","tag-skoda-16t","tag-skoda-elektra","tag-wroclaw"],"_links":{"self":[{"href":"https:\/\/wgphoto.pl\/t\/index.php?rest_route=\/wp\/v2\/posts\/14981","targetHints":{"allow":["GET"]}}],"collection":[{"href":"https:\/\/wgphoto.pl\/t\/index.php?rest_route=\/wp\/v2\/posts"}],"about":[{"href":"https:\/\/wgphoto.pl\/t\/index.php?rest_route=\/wp\/v2\/types\/post"}],"author":[{"embeddable":true,"href":"https:\/\/wgphoto.pl\/t\/index.php?rest_route=\/wp\/v2\/users\/1"}],"replies":[{"embeddable":true,"href":"https:\/\/wgphoto.pl\/t\/index.php?rest_route=%2Fwp%2Fv2%2Fcomments&post=14981"}],"version-history":[{"count":1,"href":"https:\/\/wgphoto.pl\/t\/index.php?rest_route=\/wp\/v2\/posts\/14981\/revisions"}],"predecessor-version":[{"id":14983,"href":"https:\/\/wgphoto.pl\/t\/index.php?rest_route=\/wp\/v2\/posts\/14981\/revisions\/14983"}],"wp:featuredmedia":[{"embeddable":true,"href":"https:\/\/wgphoto.pl\/t\/index.php?rest_route=\/wp\/v2\/media\/14982"}],"wp:attachment":[{"href":"https:\/\/wgphoto.pl\/t\/index.php?rest_route=%2Fwp%2Fv2%2Fmedia&parent=14981"}],"wp:term":[{"taxonomy":"category","embeddable":true,"href":"https:\/\/wgphoto.pl\/t\/index.php?rest_route=%2Fwp%2Fv2%2Fcategories&post=14981"},{"taxonomy":"post_tag","embeddable":true,"href":"https:\/\/wgphoto.pl\/t\/index.php?rest_route=%2Fwp%2Fv2%2Ftags&post=14981"}],"curies":[{"name":"wp","href":"https:\/\/api.w.org\/{rel}","templated":true}]}}