{"id":14987,"date":"2025-03-16T21:31:23","date_gmt":"2025-03-16T20:31:23","guid":{"rendered":"https:\/\/wgphoto.pl\/t\/?p=14987"},"modified":"2025-12-21T20:26:41","modified_gmt":"2025-12-21T19:26:41","slug":"niebo-plonie","status":"publish","type":"post","link":"https:\/\/wgphoto.pl\/t\/?p=14987","title":{"rendered":"Niebo p\u0142onie"},"content":{"rendered":"\n<figure class=\"wp-block-image aligncenter size-full\"><img loading=\"lazy\" decoding=\"async\" width=\"1200\" height=\"795\" src=\"https:\/\/wgphoto.pl\/t\/wp-content\/uploads\/2025\/03\/IMGP8625a.jpg\" alt=\"\" class=\"wp-image-14988\" srcset=\"https:\/\/wgphoto.pl\/t\/wp-content\/uploads\/2025\/03\/IMGP8625a.jpg 1200w, https:\/\/wgphoto.pl\/t\/wp-content\/uploads\/2025\/03\/IMGP8625a-300x199.jpg 300w, https:\/\/wgphoto.pl\/t\/wp-content\/uploads\/2025\/03\/IMGP8625a-768x509.jpg 768w\" sizes=\"auto, (max-width: 1200px) 100vw, 1200px\" \/><\/figure>\n\n\n\n<div class=\"wp-block-group has-global-padding is-layout-constrained wp-block-group-is-layout-constrained\">\n<p>Tylko na takie zdj\u0119cia mam ostatnio czas, dlatego dobrze si\u0119 sta\u0142o, \u017ce przy wczorajszym przepi\u0119knym zachodzie s\u0142o\u0144ca akurat o odpowiedniej porze trafi\u0142o mi si\u0119 siedem minut przerwy przewidziane w rozk\u0142adzie wolnym dla linii 15 na p\u0119tli Po\u015bwi\u0119tne. 10.12.2016<\/p>\n<\/div>\n","protected":false},"excerpt":{"rendered":"<p>Tylko na takie zdj\u0119cia mam ostatnio czas, dlatego dobrze si\u0119 sta\u0142o, \u017ce przy wczorajszym przepi\u0119knym zachodzie s\u0142o\u0144ca akurat o odpowiedniej porze trafi\u0142o mi si\u0119 siedem minut przerwy przewidziane w rozk\u0142adzie wolnym dla linii 15 na p\u0119tli Po\u015bwi\u0119tne. 10.12.2016<\/p>\n","protected":false},"author":1,"featured_media":14988,"comment_status":"open","ping_status":"","sticky":false,"template":"","format":"standard","meta":{"footnotes":""},"categories":[125,3],"tags":[2532,4603,501,42,162,27,439,90,41],"class_list":["post-14987","post","type-post","status-publish","format-standard","has-post-thumbnail","hentry","category-rok-2016","category-tramwaj","tag-2016-12-10","tag-mf19ac","tag-moderus-beta","tag-mpk-wroclaw","tag-niebo","tag-polska","tag-we-fabryce","tag-wieczorem","tag-wroclaw"],"_links":{"self":[{"href":"https:\/\/wgphoto.pl\/t\/index.php?rest_route=\/wp\/v2\/posts\/14987","targetHints":{"allow":["GET"]}}],"collection":[{"href":"https:\/\/wgphoto.pl\/t\/index.php?rest_route=\/wp\/v2\/posts"}],"about":[{"href":"https:\/\/wgphoto.pl\/t\/index.php?rest_route=\/wp\/v2\/types\/post"}],"author":[{"embeddable":true,"href":"https:\/\/wgphoto.pl\/t\/index.php?rest_route=\/wp\/v2\/users\/1"}],"replies":[{"embeddable":true,"href":"https:\/\/wgphoto.pl\/t\/index.php?rest_route=%2Fwp%2Fv2%2Fcomments&post=14987"}],"version-history":[{"count":1,"href":"https:\/\/wgphoto.pl\/t\/index.php?rest_route=\/wp\/v2\/posts\/14987\/revisions"}],"predecessor-version":[{"id":14989,"href":"https:\/\/wgphoto.pl\/t\/index.php?rest_route=\/wp\/v2\/posts\/14987\/revisions\/14989"}],"wp:featuredmedia":[{"embeddable":true,"href":"https:\/\/wgphoto.pl\/t\/index.php?rest_route=\/wp\/v2\/media\/14988"}],"wp:attachment":[{"href":"https:\/\/wgphoto.pl\/t\/index.php?rest_route=%2Fwp%2Fv2%2Fmedia&parent=14987"}],"wp:term":[{"taxonomy":"category","embeddable":true,"href":"https:\/\/wgphoto.pl\/t\/index.php?rest_route=%2Fwp%2Fv2%2Fcategories&post=14987"},{"taxonomy":"post_tag","embeddable":true,"href":"https:\/\/wgphoto.pl\/t\/index.php?rest_route=%2Fwp%2Fv2%2Ftags&post=14987"}],"curies":[{"name":"wp","href":"https:\/\/api.w.org\/{rel}","templated":true}]}}