{"id":14996,"date":"2025-03-16T21:34:50","date_gmt":"2025-03-16T20:34:50","guid":{"rendered":"https:\/\/wgphoto.pl\/t\/?p=14996"},"modified":"2025-03-16T21:34:50","modified_gmt":"2025-03-16T20:34:50","slug":"nowa-wies-legnicka-a-d-2008","status":"publish","type":"post","link":"https:\/\/wgphoto.pl\/t\/?p=14996","title":{"rendered":"Nowa Wie\u015b Legnicka A.D. 2008"},"content":{"rendered":"\n<figure class=\"wp-block-image aligncenter size-full\"><img loading=\"lazy\" decoding=\"async\" width=\"1000\" height=\"750\" src=\"https:\/\/wgphoto.pl\/t\/wp-content\/uploads\/2025\/03\/dscf6076.jpg\" alt=\"\" class=\"wp-image-14997\" srcset=\"https:\/\/wgphoto.pl\/t\/wp-content\/uploads\/2025\/03\/dscf6076.jpg 1000w, https:\/\/wgphoto.pl\/t\/wp-content\/uploads\/2025\/03\/dscf6076-300x225.jpg 300w, https:\/\/wgphoto.pl\/t\/wp-content\/uploads\/2025\/03\/dscf6076-768x576.jpg 768w\" sizes=\"auto, (max-width: 1000px) 100vw, 1000px\" \/><\/figure>\n\n\n\n<div class=\"wp-block-group has-global-padding is-layout-constrained wp-block-group-is-layout-constrained\">\n<p>Poci\u0105g osobowy 44124 z Legnicy do Kamie\u0144ca Z\u0105bkowickiego, prowadzony SP32-210, zatrzymuje si\u0119 na przystanku. Estetyka bez por\u00f3wnania gorsza wzgl\u0119dem wczorajszego obrazka i raczej nie jest to efekt obr\u00f3bki. \ud83d\ude09 10.02.2008<\/p>\n<\/div>\n","protected":false},"excerpt":{"rendered":"<p>Poci\u0105g osobowy 44124 z Legnicy do Kamie\u0144ca Z\u0105bkowickiego, prowadzony SP32-210, zatrzymuje si\u0119 na przystanku. Estetyka bez por\u00f3wnania gorsza wzgl\u0119dem wczorajszego obrazka i raczej nie jest to efekt obr\u00f3bki. \ud83d\ude09 10.02.2008<\/p>\n","protected":false},"author":1,"featured_media":14997,"comment_status":"open","ping_status":"","sticky":false,"template":"","format":"standard","meta":{"footnotes":""},"categories":[2,120],"tags":[234,3537,63,27,385,319],"class_list":["post-14996","post","type-post","status-publish","format-standard","has-post-thumbnail","hentry","category-kolej","category-rok-2008","tag-2008-02-10","tag-nowa-wies-legnicka","tag-pkp","tag-polska","tag-sp32","tag-tab-pl235"],"_links":{"self":[{"href":"https:\/\/wgphoto.pl\/t\/index.php?rest_route=\/wp\/v2\/posts\/14996","targetHints":{"allow":["GET"]}}],"collection":[{"href":"https:\/\/wgphoto.pl\/t\/index.php?rest_route=\/wp\/v2\/posts"}],"about":[{"href":"https:\/\/wgphoto.pl\/t\/index.php?rest_route=\/wp\/v2\/types\/post"}],"author":[{"embeddable":true,"href":"https:\/\/wgphoto.pl\/t\/index.php?rest_route=\/wp\/v2\/users\/1"}],"replies":[{"embeddable":true,"href":"https:\/\/wgphoto.pl\/t\/index.php?rest_route=%2Fwp%2Fv2%2Fcomments&post=14996"}],"version-history":[{"count":1,"href":"https:\/\/wgphoto.pl\/t\/index.php?rest_route=\/wp\/v2\/posts\/14996\/revisions"}],"predecessor-version":[{"id":14998,"href":"https:\/\/wgphoto.pl\/t\/index.php?rest_route=\/wp\/v2\/posts\/14996\/revisions\/14998"}],"wp:featuredmedia":[{"embeddable":true,"href":"https:\/\/wgphoto.pl\/t\/index.php?rest_route=\/wp\/v2\/media\/14997"}],"wp:attachment":[{"href":"https:\/\/wgphoto.pl\/t\/index.php?rest_route=%2Fwp%2Fv2%2Fmedia&parent=14996"}],"wp:term":[{"taxonomy":"category","embeddable":true,"href":"https:\/\/wgphoto.pl\/t\/index.php?rest_route=%2Fwp%2Fv2%2Fcategories&post=14996"},{"taxonomy":"post_tag","embeddable":true,"href":"https:\/\/wgphoto.pl\/t\/index.php?rest_route=%2Fwp%2Fv2%2Ftags&post=14996"}],"curies":[{"name":"wp","href":"https:\/\/api.w.org\/{rel}","templated":true}]}}