{"id":15002,"date":"2025-03-16T21:36:44","date_gmt":"2025-03-16T20:36:44","guid":{"rendered":"https:\/\/wgphoto.pl\/t\/?p=15002"},"modified":"2025-03-16T21:36:44","modified_gmt":"2025-03-16T20:36:44","slug":"jasna-strona-mocy","status":"publish","type":"post","link":"https:\/\/wgphoto.pl\/t\/?p=15002","title":{"rendered":"Jasna strona mocy"},"content":{"rendered":"\n<figure class=\"wp-block-image aligncenter size-full\"><img loading=\"lazy\" decoding=\"async\" width=\"1200\" height=\"800\" src=\"https:\/\/wgphoto.pl\/t\/wp-content\/uploads\/2025\/03\/IMGP3761.jpg\" alt=\"\" class=\"wp-image-15003\" srcset=\"https:\/\/wgphoto.pl\/t\/wp-content\/uploads\/2025\/03\/IMGP3761.jpg 1200w, https:\/\/wgphoto.pl\/t\/wp-content\/uploads\/2025\/03\/IMGP3761-300x200.jpg 300w, https:\/\/wgphoto.pl\/t\/wp-content\/uploads\/2025\/03\/IMGP3761-768x512.jpg 768w\" sizes=\"auto, (max-width: 1200px) 100vw, 1200px\" \/><\/figure>\n\n\n\n<div class=\"wp-block-group has-global-padding is-layout-constrained wp-block-group-is-layout-constrained\">\n<p>Pierwsze wcielenie linii 32PLUS z braku innych mo\u017cliwo\u015bci kursowa\u0142o na trasie Pilczyce &#8211; mosty Mieszcza\u0144skie, gdzie do zawracania wykorzystano tutejsz\u0105 &#8222;przelotk\u0119&#8221;. Ta zmiana kierunku, obok wdro\u017conego kilka miesi\u0119cy wcze\u015bniej tr\u00f3jk\u0105towania na ul. Wierzbowej, gdzie tras\u0119 ko\u0144czy\u0142o z kolei pierwsze wcielenie linii 33PLUS, by\u0142y pierwszymi wsp\u00f3\u0142czesnymi przypadkami planowego zawracania bez wykorzystania p\u0119tli. W ca\u0142ej karykaturze tych nowych linii, kt\u00f3re nie by\u0142y zbyt u\u017cyteczne dla pasa\u017cer\u00f3w, by\u0142y to rozwi\u0105zania o tyle korzystne, \u017ce w dosy\u0107 bezpiecznych warunkach pozwoli\u0142y motorniczym nabra\u0107 wprawy w szybkim i rutynowym prze\u0142\u0105czaniu si\u0119 na drug\u0105 kabin\u0119 pod presj\u0105 czasu (ze wzgl\u0119du na ostatni czynnik raczej trudno si\u0119 tego nauczy\u0107 w warunkach &#8222;laboratoryjnych&#8221;). 03.09.2011<\/p>\n<\/div>\n","protected":false},"excerpt":{"rendered":"<p>Pierwsze wcielenie linii 32PLUS z braku innych mo\u017cliwo\u015bci kursowa\u0142o na trasie Pilczyce &#8211; mosty Mieszcza\u0144skie, gdzie do zawracania wykorzystano tutejsz\u0105 &#8222;przelotk\u0119&#8221;. Ta zmiana kierunku, obok wdro\u017conego kilka miesi\u0119cy wcze\u015bniej tr\u00f3jk\u0105towania na ul. Wierzbowej, gdzie tras\u0119 ko\u0144czy\u0142o z kolei pierwsze wcielenie linii 33PLUS, by\u0142y pierwszymi wsp\u00f3\u0142czesnymi przypadkami planowego zawracania bez wykorzystania p\u0119tli. W ca\u0142ej karykaturze tych [&hellip;]<\/p>\n","protected":false},"author":1,"featured_media":15003,"comment_status":"open","ping_status":"","sticky":false,"template":"","format":"standard","meta":{"footnotes":""},"categories":[77,3],"tags":[3539,45,42,27,176,1493,216,439,41],"class_list":["post-15002","post","type-post","status-publish","format-standard","has-post-thumbnail","hentry","category-rok-2011","category-tramwaj","tag-2011-09-03","tag-most","tag-mpk-wroclaw","tag-polska","tag-rano","tag-skoda-19t","tag-skoda-elektra","tag-we-fabryce","tag-wroclaw"],"_links":{"self":[{"href":"https:\/\/wgphoto.pl\/t\/index.php?rest_route=\/wp\/v2\/posts\/15002","targetHints":{"allow":["GET"]}}],"collection":[{"href":"https:\/\/wgphoto.pl\/t\/index.php?rest_route=\/wp\/v2\/posts"}],"about":[{"href":"https:\/\/wgphoto.pl\/t\/index.php?rest_route=\/wp\/v2\/types\/post"}],"author":[{"embeddable":true,"href":"https:\/\/wgphoto.pl\/t\/index.php?rest_route=\/wp\/v2\/users\/1"}],"replies":[{"embeddable":true,"href":"https:\/\/wgphoto.pl\/t\/index.php?rest_route=%2Fwp%2Fv2%2Fcomments&post=15002"}],"version-history":[{"count":1,"href":"https:\/\/wgphoto.pl\/t\/index.php?rest_route=\/wp\/v2\/posts\/15002\/revisions"}],"predecessor-version":[{"id":15004,"href":"https:\/\/wgphoto.pl\/t\/index.php?rest_route=\/wp\/v2\/posts\/15002\/revisions\/15004"}],"wp:featuredmedia":[{"embeddable":true,"href":"https:\/\/wgphoto.pl\/t\/index.php?rest_route=\/wp\/v2\/media\/15003"}],"wp:attachment":[{"href":"https:\/\/wgphoto.pl\/t\/index.php?rest_route=%2Fwp%2Fv2%2Fmedia&parent=15002"}],"wp:term":[{"taxonomy":"category","embeddable":true,"href":"https:\/\/wgphoto.pl\/t\/index.php?rest_route=%2Fwp%2Fv2%2Fcategories&post=15002"},{"taxonomy":"post_tag","embeddable":true,"href":"https:\/\/wgphoto.pl\/t\/index.php?rest_route=%2Fwp%2Fv2%2Ftags&post=15002"}],"curies":[{"name":"wp","href":"https:\/\/api.w.org\/{rel}","templated":true}]}}