{"id":15008,"date":"2025-03-18T16:55:31","date_gmt":"2025-03-18T15:55:31","guid":{"rendered":"https:\/\/wgphoto.pl\/t\/?p=15008"},"modified":"2025-03-18T16:55:31","modified_gmt":"2025-03-18T15:55:31","slug":"szklarska-poreba-dolna","status":"publish","type":"post","link":"https:\/\/wgphoto.pl\/t\/?p=15008","title":{"rendered":"Szklarska Por\u0119ba Dolna"},"content":{"rendered":"\n<figure class=\"wp-block-image aligncenter size-full\"><img loading=\"lazy\" decoding=\"async\" width=\"600\" height=\"906\" src=\"https:\/\/wgphoto.pl\/t\/wp-content\/uploads\/2025\/03\/IMGP3905.jpg\" alt=\"\" class=\"wp-image-15009\" srcset=\"https:\/\/wgphoto.pl\/t\/wp-content\/uploads\/2025\/03\/IMGP3905.jpg 600w, https:\/\/wgphoto.pl\/t\/wp-content\/uploads\/2025\/03\/IMGP3905-199x300.jpg 199w\" sizes=\"auto, (max-width: 600px) 100vw, 600px\" \/><\/figure>\n\n\n\n<div class=\"wp-block-group has-global-padding is-layout-constrained wp-block-group-is-layout-constrained\">\n<p>Poci\u0105g osobowy 69269 z Wroc\u0142awia G\u0142\u00f3wnego do Szklarskiej Por\u0119by G\u00f3rnej opuszcza Szklarsk\u0105 Por\u0119b\u0119 Doln\u0105. 20.03.2016<\/p>\n<\/div>\n","protected":false},"excerpt":{"rendered":"<p>Poci\u0105g osobowy 69269 z Wroc\u0142awia G\u0142\u00f3wnego do Szklarskiej Por\u0119by G\u00f3rnej opuszcza Szklarsk\u0105 Por\u0119b\u0119 Doln\u0105. 20.03.2016<\/p>\n","protected":false},"author":1,"featured_media":15009,"comment_status":"open","ping_status":"","sticky":false,"template":"","format":"standard","meta":{"footnotes":""},"categories":[2,128,125],"tags":[3444,659,402,404,27,44,2242,200],"class_list":["post-15008","post","type-post","status-publish","format-standard","has-post-thumbnail","hentry","category-kolej","category-pionowe","category-rok-2016","tag-2016-03-20","tag-31we","tag-kd","tag-newag-impuls","tag-polska","tag-snieg","tag-szklarska-poreba-dolna","tag-tab-pl240"],"_links":{"self":[{"href":"https:\/\/wgphoto.pl\/t\/index.php?rest_route=\/wp\/v2\/posts\/15008","targetHints":{"allow":["GET"]}}],"collection":[{"href":"https:\/\/wgphoto.pl\/t\/index.php?rest_route=\/wp\/v2\/posts"}],"about":[{"href":"https:\/\/wgphoto.pl\/t\/index.php?rest_route=\/wp\/v2\/types\/post"}],"author":[{"embeddable":true,"href":"https:\/\/wgphoto.pl\/t\/index.php?rest_route=\/wp\/v2\/users\/1"}],"replies":[{"embeddable":true,"href":"https:\/\/wgphoto.pl\/t\/index.php?rest_route=%2Fwp%2Fv2%2Fcomments&post=15008"}],"version-history":[{"count":1,"href":"https:\/\/wgphoto.pl\/t\/index.php?rest_route=\/wp\/v2\/posts\/15008\/revisions"}],"predecessor-version":[{"id":15010,"href":"https:\/\/wgphoto.pl\/t\/index.php?rest_route=\/wp\/v2\/posts\/15008\/revisions\/15010"}],"wp:featuredmedia":[{"embeddable":true,"href":"https:\/\/wgphoto.pl\/t\/index.php?rest_route=\/wp\/v2\/media\/15009"}],"wp:attachment":[{"href":"https:\/\/wgphoto.pl\/t\/index.php?rest_route=%2Fwp%2Fv2%2Fmedia&parent=15008"}],"wp:term":[{"taxonomy":"category","embeddable":true,"href":"https:\/\/wgphoto.pl\/t\/index.php?rest_route=%2Fwp%2Fv2%2Fcategories&post=15008"},{"taxonomy":"post_tag","embeddable":true,"href":"https:\/\/wgphoto.pl\/t\/index.php?rest_route=%2Fwp%2Fv2%2Ftags&post=15008"}],"curies":[{"name":"wp","href":"https:\/\/api.w.org\/{rel}","templated":true}]}}