{"id":15047,"date":"2025-03-18T17:09:00","date_gmt":"2025-03-18T16:09:00","guid":{"rendered":"https:\/\/wgphoto.pl\/t\/?p=15047"},"modified":"2025-03-18T17:09:00","modified_gmt":"2025-03-18T16:09:00","slug":"einsatzzug","status":"publish","type":"post","link":"https:\/\/wgphoto.pl\/t\/?p=15047","title":{"rendered":"Einsatzzug"},"content":{"rendered":"\n<figure class=\"wp-block-image aligncenter size-full\"><img loading=\"lazy\" decoding=\"async\" width=\"1200\" height=\"803\" src=\"https:\/\/wgphoto.pl\/t\/wp-content\/uploads\/2025\/03\/IMGP3130.jpg\" alt=\"\" class=\"wp-image-15049\" srcset=\"https:\/\/wgphoto.pl\/t\/wp-content\/uploads\/2025\/03\/IMGP3130.jpg 1200w, https:\/\/wgphoto.pl\/t\/wp-content\/uploads\/2025\/03\/IMGP3130-300x201.jpg 300w, https:\/\/wgphoto.pl\/t\/wp-content\/uploads\/2025\/03\/IMGP3130-768x514.jpg 768w\" sizes=\"auto, (max-width: 1200px) 100vw, 1200px\" \/><\/figure>\n\n\n\n<div class=\"wp-block-group has-global-padding is-layout-constrained wp-block-group-is-layout-constrained\">\n<p>Szczytowy dodatek zag\u0119szczaj\u0105cy cz\u0119stotliwo\u015b\u0107 kurs\u00f3w do 10 minut za chwil\u0119 dotrze do przystanku ko\u0144cowego na pl. Berli\u0144skim w Woltersdorfie. 2013-04-30<\/p>\n<\/div>\n","protected":false},"excerpt":{"rendered":"<p>Szczytowy dodatek zag\u0119szczaj\u0105cy cz\u0119stotliwo\u015b\u0107 kurs\u00f3w do 10 minut za chwil\u0119 dotrze do przystanku ko\u0144cowego na pl. Berli\u0144skim w Woltersdorfie. 2013-04-30<\/p>\n","protected":false},"author":1,"featured_media":15049,"comment_status":"open","ping_status":"","sticky":false,"template":"","format":"standard","meta":{"footnotes":""},"categories":[55,3],"tags":[642,2150,640,23,2148],"class_list":["post-15047","post","type-post","status-publish","format-standard","has-post-thumbnail","hentry","category-rok-2013","category-tramwaj","tag-2013-04-30","tag-gotha-t57","tag-majowka-2013","tag-niemcy","tag-woltersdorf"],"_links":{"self":[{"href":"https:\/\/wgphoto.pl\/t\/index.php?rest_route=\/wp\/v2\/posts\/15047","targetHints":{"allow":["GET"]}}],"collection":[{"href":"https:\/\/wgphoto.pl\/t\/index.php?rest_route=\/wp\/v2\/posts"}],"about":[{"href":"https:\/\/wgphoto.pl\/t\/index.php?rest_route=\/wp\/v2\/types\/post"}],"author":[{"embeddable":true,"href":"https:\/\/wgphoto.pl\/t\/index.php?rest_route=\/wp\/v2\/users\/1"}],"replies":[{"embeddable":true,"href":"https:\/\/wgphoto.pl\/t\/index.php?rest_route=%2Fwp%2Fv2%2Fcomments&post=15047"}],"version-history":[{"count":1,"href":"https:\/\/wgphoto.pl\/t\/index.php?rest_route=\/wp\/v2\/posts\/15047\/revisions"}],"predecessor-version":[{"id":15050,"href":"https:\/\/wgphoto.pl\/t\/index.php?rest_route=\/wp\/v2\/posts\/15047\/revisions\/15050"}],"wp:featuredmedia":[{"embeddable":true,"href":"https:\/\/wgphoto.pl\/t\/index.php?rest_route=\/wp\/v2\/media\/15049"}],"wp:attachment":[{"href":"https:\/\/wgphoto.pl\/t\/index.php?rest_route=%2Fwp%2Fv2%2Fmedia&parent=15047"}],"wp:term":[{"taxonomy":"category","embeddable":true,"href":"https:\/\/wgphoto.pl\/t\/index.php?rest_route=%2Fwp%2Fv2%2Fcategories&post=15047"},{"taxonomy":"post_tag","embeddable":true,"href":"https:\/\/wgphoto.pl\/t\/index.php?rest_route=%2Fwp%2Fv2%2Ftags&post=15047"}],"curies":[{"name":"wp","href":"https:\/\/api.w.org\/{rel}","templated":true}]}}