{"id":15051,"date":"2025-03-18T17:10:14","date_gmt":"2025-03-18T16:10:14","guid":{"rendered":"https:\/\/wgphoto.pl\/t\/?p=15051"},"modified":"2025-03-18T17:10:14","modified_gmt":"2025-03-18T16:10:14","slug":"produkt-eksportowy","status":"publish","type":"post","link":"https:\/\/wgphoto.pl\/t\/?p=15051","title":{"rendered":"Produkt eksportowy"},"content":{"rendered":"\n<figure class=\"wp-block-image aligncenter size-full\"><img loading=\"lazy\" decoding=\"async\" width=\"1200\" height=\"795\" src=\"https:\/\/wgphoto.pl\/t\/wp-content\/uploads\/2025\/03\/IMGP8025.jpg\" alt=\"\" class=\"wp-image-15052\" srcset=\"https:\/\/wgphoto.pl\/t\/wp-content\/uploads\/2025\/03\/IMGP8025.jpg 1200w, https:\/\/wgphoto.pl\/t\/wp-content\/uploads\/2025\/03\/IMGP8025-300x199.jpg 300w, https:\/\/wgphoto.pl\/t\/wp-content\/uploads\/2025\/03\/IMGP8025-768x509.jpg 768w\" sizes=\"auto, (max-width: 1200px) 100vw, 1200px\" \/><\/figure>\n\n\n\n<div class=\"wp-block-group has-global-padding is-layout-constrained wp-block-group-is-layout-constrained\">\n<p>Woltersdorf i Stambu\u0142 dzieli wiele. Senna ulica na niemieckiej prowincji ust\u0119puje miejsca t\u0142ocznemu deptakowi w wielomilionowej metropolii. Zgadzaj\u0105 si\u0119 za to d\u0142ugo\u015b\u0107 pokonywanej trasy (czas przejazdu rz\u0119du 20 minut), no i oczywi\u015bcie tramwaje. Wozy s\u0105 nie tylko takie same, ale cz\u0119\u015bciowo dok\u0142adnie te same, par\u0119 pojazd\u00f3w niepotrzebnych ju\u017c w Woltersdorfie otrzyma\u0142o bowiem drugie \u017cycie na s\u0105siednim kontynencie. 10.10.2016<\/p>\n<\/div>\n","protected":false},"excerpt":{"rendered":"<p>Woltersdorf i Stambu\u0142 dzieli wiele. Senna ulica na niemieckiej prowincji ust\u0119puje miejsca t\u0142ocznemu deptakowi w wielomilionowej metropolii. Zgadzaj\u0105 si\u0119 za to d\u0142ugo\u015b\u0107 pokonywanej trasy (czas przejazdu rz\u0119du 20 minut), no i oczywi\u015bcie tramwaje. Wozy s\u0105 nie tylko takie same, ale cz\u0119\u015bciowo dok\u0142adnie te same, par\u0119 pojazd\u00f3w niepotrzebnych ju\u017c w Woltersdorfie otrzyma\u0142o bowiem drugie \u017cycie na [&hellip;]<\/p>\n","protected":false},"author":1,"featured_media":15052,"comment_status":"open","ping_status":"","sticky":false,"template":"","format":"standard","meta":{"footnotes":""},"categories":[125,3],"tags":[2386,239,2150,1670,927,931],"class_list":["post-15051","post","type-post","status-publish","format-standard","has-post-thumbnail","hentry","category-rok-2016","category-tramwaj","tag-2016-10-10","tag-deptak","tag-gotha-t57","tag-stambul","tag-turcja","tag-turcja-2016"],"_links":{"self":[{"href":"https:\/\/wgphoto.pl\/t\/index.php?rest_route=\/wp\/v2\/posts\/15051","targetHints":{"allow":["GET"]}}],"collection":[{"href":"https:\/\/wgphoto.pl\/t\/index.php?rest_route=\/wp\/v2\/posts"}],"about":[{"href":"https:\/\/wgphoto.pl\/t\/index.php?rest_route=\/wp\/v2\/types\/post"}],"author":[{"embeddable":true,"href":"https:\/\/wgphoto.pl\/t\/index.php?rest_route=\/wp\/v2\/users\/1"}],"replies":[{"embeddable":true,"href":"https:\/\/wgphoto.pl\/t\/index.php?rest_route=%2Fwp%2Fv2%2Fcomments&post=15051"}],"version-history":[{"count":1,"href":"https:\/\/wgphoto.pl\/t\/index.php?rest_route=\/wp\/v2\/posts\/15051\/revisions"}],"predecessor-version":[{"id":15053,"href":"https:\/\/wgphoto.pl\/t\/index.php?rest_route=\/wp\/v2\/posts\/15051\/revisions\/15053"}],"wp:featuredmedia":[{"embeddable":true,"href":"https:\/\/wgphoto.pl\/t\/index.php?rest_route=\/wp\/v2\/media\/15052"}],"wp:attachment":[{"href":"https:\/\/wgphoto.pl\/t\/index.php?rest_route=%2Fwp%2Fv2%2Fmedia&parent=15051"}],"wp:term":[{"taxonomy":"category","embeddable":true,"href":"https:\/\/wgphoto.pl\/t\/index.php?rest_route=%2Fwp%2Fv2%2Fcategories&post=15051"},{"taxonomy":"post_tag","embeddable":true,"href":"https:\/\/wgphoto.pl\/t\/index.php?rest_route=%2Fwp%2Fv2%2Ftags&post=15051"}],"curies":[{"name":"wp","href":"https:\/\/api.w.org\/{rel}","templated":true}]}}