{"id":1509,"date":"2024-10-03T23:00:59","date_gmt":"2024-10-03T21:00:59","guid":{"rendered":"https:\/\/wgphoto.pl\/t\/?p=1509"},"modified":"2024-10-03T23:07:10","modified_gmt":"2024-10-03T21:07:10","slug":"podwojne-pendo","status":"publish","type":"post","link":"https:\/\/wgphoto.pl\/t\/?p=1509","title":{"rendered":"Podw\u00f3jne Pendo"},"content":{"rendered":"\n<figure class=\"wp-block-image aligncenter size-full\"><img loading=\"lazy\" decoding=\"async\" width=\"1300\" height=\"975\" src=\"https:\/\/wgphoto.pl\/t\/wp-content\/uploads\/2024\/10\/IMGP0240.jpg\" alt=\"\" class=\"wp-image-1510\" srcset=\"https:\/\/wgphoto.pl\/t\/wp-content\/uploads\/2024\/10\/IMGP0240.jpg 1300w, https:\/\/wgphoto.pl\/t\/wp-content\/uploads\/2024\/10\/IMGP0240-300x225.jpg 300w, https:\/\/wgphoto.pl\/t\/wp-content\/uploads\/2024\/10\/IMGP0240-768x576.jpg 768w\" sizes=\"auto, (max-width: 1300px) 100vw, 1300px\" \/><\/figure>\n\n\n\n<div class=\"wp-block-group has-global-padding is-layout-constrained wp-block-group-is-layout-constrained\">\n<p>680.005 jako SuperCity 241 z Pragi do Koszyc mija zbiornik wodny na odcinku \u0160\u00fatovo-Ratkovo &#8211; Krpe\u013eany. \u015awiat\u0142o by\u0142o niestety dosy\u0107 oszcz\u0119dne. [15.10.2022]<\/p>\n<\/div>\n","protected":false},"excerpt":{"rendered":"<p>680.005 jako SuperCity 241 z Pragi do Koszyc mija zbiornik wodny na odcinku \u0160\u00fatovo-Ratkovo &#8211; Krpe\u013eany. \u015awiat\u0142o by\u0142o niestety dosy\u0107 oszcz\u0119dne. [15.10.2022]<\/p>\n","protected":false},"author":1,"featured_media":1510,"comment_status":"open","ping_status":"","sticky":false,"template":"","format":"standard","meta":{"footnotes":""},"categories":[2,669],"tags":[765,50,114,249,126,756,395,754,675,753,757],"class_list":["post-1509","post","type-post","status-publish","format-standard","has-post-thumbnail","hentry","category-kolej","category-rok-2022","tag-2022-10-15","tag-cd","tag-gory","tag-goscinne-wystepy","tag-jesien","tag-krpelany","tag-lustro","tag-pendolino","tag-slowacja","tag-slowacka-jesien-2022","tag-sutovo-ratkovo"],"_links":{"self":[{"href":"https:\/\/wgphoto.pl\/t\/index.php?rest_route=\/wp\/v2\/posts\/1509","targetHints":{"allow":["GET"]}}],"collection":[{"href":"https:\/\/wgphoto.pl\/t\/index.php?rest_route=\/wp\/v2\/posts"}],"about":[{"href":"https:\/\/wgphoto.pl\/t\/index.php?rest_route=\/wp\/v2\/types\/post"}],"author":[{"embeddable":true,"href":"https:\/\/wgphoto.pl\/t\/index.php?rest_route=\/wp\/v2\/users\/1"}],"replies":[{"embeddable":true,"href":"https:\/\/wgphoto.pl\/t\/index.php?rest_route=%2Fwp%2Fv2%2Fcomments&post=1509"}],"version-history":[{"count":2,"href":"https:\/\/wgphoto.pl\/t\/index.php?rest_route=\/wp\/v2\/posts\/1509\/revisions"}],"predecessor-version":[{"id":1515,"href":"https:\/\/wgphoto.pl\/t\/index.php?rest_route=\/wp\/v2\/posts\/1509\/revisions\/1515"}],"wp:featuredmedia":[{"embeddable":true,"href":"https:\/\/wgphoto.pl\/t\/index.php?rest_route=\/wp\/v2\/media\/1510"}],"wp:attachment":[{"href":"https:\/\/wgphoto.pl\/t\/index.php?rest_route=%2Fwp%2Fv2%2Fmedia&parent=1509"}],"wp:term":[{"taxonomy":"category","embeddable":true,"href":"https:\/\/wgphoto.pl\/t\/index.php?rest_route=%2Fwp%2Fv2%2Fcategories&post=1509"},{"taxonomy":"post_tag","embeddable":true,"href":"https:\/\/wgphoto.pl\/t\/index.php?rest_route=%2Fwp%2Fv2%2Ftags&post=1509"}],"curies":[{"name":"wp","href":"https:\/\/api.w.org\/{rel}","templated":true}]}}