{"id":15093,"date":"2025-03-23T21:01:15","date_gmt":"2025-03-23T20:01:15","guid":{"rendered":"https:\/\/wgphoto.pl\/t\/?p=15093"},"modified":"2025-03-23T21:01:15","modified_gmt":"2025-03-23T20:01:15","slug":"wroclaw-wojnow","status":"publish","type":"post","link":"https:\/\/wgphoto.pl\/t\/?p=15093","title":{"rendered":"Wroc\u0142aw Wojn\u00f3w"},"content":{"rendered":"\n<figure class=\"wp-block-image aligncenter size-full\"><img loading=\"lazy\" decoding=\"async\" width=\"1200\" height=\"800\" src=\"https:\/\/wgphoto.pl\/t\/wp-content\/uploads\/2025\/03\/0736-27a.jpg\" alt=\"\" class=\"wp-image-15094\" srcset=\"https:\/\/wgphoto.pl\/t\/wp-content\/uploads\/2025\/03\/0736-27a.jpg 1200w, https:\/\/wgphoto.pl\/t\/wp-content\/uploads\/2025\/03\/0736-27a-300x200.jpg 300w, https:\/\/wgphoto.pl\/t\/wp-content\/uploads\/2025\/03\/0736-27a-768x512.jpg 768w\" sizes=\"auto, (max-width: 1200px) 100vw, 1200px\" \/><\/figure>\n\n\n\n<div class=\"wp-block-group has-global-padding is-layout-constrained wp-block-group-is-layout-constrained\">\n<p>Ten poci\u0105g chyba je\u017adzi\u0142 z jak\u0105\u015b wystaw\u0105 urz\u0105dzon\u0105 wewn\u0105trz wagon\u00f3w, ale prawd\u0119 m\u00f3wi\u0105c to nie pami\u0119tam. Tu udaje si\u0119 do Jelcza. 03.11.2007<\/p>\n<\/div>\n","protected":false},"excerpt":{"rendered":"<p>Ten poci\u0105g chyba je\u017adzi\u0142 z jak\u0105\u015b wystaw\u0105 urz\u0105dzon\u0105 wewn\u0105trz wagon\u00f3w, ale prawd\u0119 m\u00f3wi\u0105c to nie pami\u0119tam. Tu udaje si\u0119 do Jelcza. 03.11.2007<\/p>\n","protected":false},"author":1,"featured_media":15094,"comment_status":"open","ping_status":"","sticky":false,"template":"","format":"standard","meta":{"footnotes":""},"categories":[62,2,96],"tags":[3553,3555,358,27,202,3554,41,3556],"class_list":["post-15093","post","type-post","status-publish","format-standard","has-post-thumbnail","hentry","category-analog","category-kolej","category-rok-2007","tag-2007-11-03","tag-ok1","tag-parowoz","tag-polska","tag-specjalny","tag-tab-pl216","tag-wroclaw","tag-wroclaw-wojnow"],"_links":{"self":[{"href":"https:\/\/wgphoto.pl\/t\/index.php?rest_route=\/wp\/v2\/posts\/15093","targetHints":{"allow":["GET"]}}],"collection":[{"href":"https:\/\/wgphoto.pl\/t\/index.php?rest_route=\/wp\/v2\/posts"}],"about":[{"href":"https:\/\/wgphoto.pl\/t\/index.php?rest_route=\/wp\/v2\/types\/post"}],"author":[{"embeddable":true,"href":"https:\/\/wgphoto.pl\/t\/index.php?rest_route=\/wp\/v2\/users\/1"}],"replies":[{"embeddable":true,"href":"https:\/\/wgphoto.pl\/t\/index.php?rest_route=%2Fwp%2Fv2%2Fcomments&post=15093"}],"version-history":[{"count":1,"href":"https:\/\/wgphoto.pl\/t\/index.php?rest_route=\/wp\/v2\/posts\/15093\/revisions"}],"predecessor-version":[{"id":15095,"href":"https:\/\/wgphoto.pl\/t\/index.php?rest_route=\/wp\/v2\/posts\/15093\/revisions\/15095"}],"wp:featuredmedia":[{"embeddable":true,"href":"https:\/\/wgphoto.pl\/t\/index.php?rest_route=\/wp\/v2\/media\/15094"}],"wp:attachment":[{"href":"https:\/\/wgphoto.pl\/t\/index.php?rest_route=%2Fwp%2Fv2%2Fmedia&parent=15093"}],"wp:term":[{"taxonomy":"category","embeddable":true,"href":"https:\/\/wgphoto.pl\/t\/index.php?rest_route=%2Fwp%2Fv2%2Fcategories&post=15093"},{"taxonomy":"post_tag","embeddable":true,"href":"https:\/\/wgphoto.pl\/t\/index.php?rest_route=%2Fwp%2Fv2%2Ftags&post=15093"}],"curies":[{"name":"wp","href":"https:\/\/api.w.org\/{rel}","templated":true}]}}