{"id":15096,"date":"2025-03-23T21:02:07","date_gmt":"2025-03-23T20:02:07","guid":{"rendered":"https:\/\/wgphoto.pl\/t\/?p=15096"},"modified":"2025-03-23T21:02:07","modified_gmt":"2025-03-23T20:02:07","slug":"wiosna","status":"publish","type":"post","link":"https:\/\/wgphoto.pl\/t\/?p=15096","title":{"rendered":"Wiosna"},"content":{"rendered":"\n<figure class=\"wp-block-image aligncenter size-full\"><img loading=\"lazy\" decoding=\"async\" width=\"1200\" height=\"795\" src=\"https:\/\/wgphoto.pl\/t\/wp-content\/uploads\/2025\/03\/IMGP0107.jpg\" alt=\"\" class=\"wp-image-15097\" srcset=\"https:\/\/wgphoto.pl\/t\/wp-content\/uploads\/2025\/03\/IMGP0107.jpg 1200w, https:\/\/wgphoto.pl\/t\/wp-content\/uploads\/2025\/03\/IMGP0107-300x199.jpg 300w, https:\/\/wgphoto.pl\/t\/wp-content\/uploads\/2025\/03\/IMGP0107-768x509.jpg 768w\" sizes=\"auto, (max-width: 1200px) 100vw, 1200px\" \/><\/figure>\n\n\n\n<div class=\"wp-block-group has-global-padding is-layout-constrained wp-block-group-is-layout-constrained\">\n<p>Przeszed\u0142em wzd\u0142u\u017c kilku tras kojarz\u0105cych si\u0119 z nieco bujniejsz\u0105 ro\u015blinno\u015bci\u0105 i znalaz\u0142em w\u0142a\u015bciwie tylko ten jeden okaz godny by reprezentowa\u0107 wiosn\u0119 na zdj\u0119ciu. 02.04.2017<\/p>\n<\/div>\n","protected":false},"excerpt":{"rendered":"<p>Przeszed\u0142em wzd\u0142u\u017c kilku tras kojarz\u0105cych si\u0119 z nieco bujniejsz\u0105 ro\u015blinno\u015bci\u0105 i znalaz\u0142em w\u0142a\u015bciwie tylko ten jeden okaz godny by reprezentowa\u0107 wiosn\u0119 na zdj\u0119ciu. 02.04.2017<\/p>\n","protected":false},"author":1,"featured_media":15097,"comment_status":"open","ping_status":"","sticky":false,"template":"","format":"standard","meta":{"footnotes":""},"categories":[368,3],"tags":[3557,42,27,1096,294,41],"class_list":["post-15096","post","type-post","status-publish","format-standard","has-post-thumbnail","hentry","category-rok-2017","category-tramwaj","tag-2017-04-02","tag-mpk-wroclaw","tag-polska","tag-protram-205wras","tag-wiosna","tag-wroclaw"],"_links":{"self":[{"href":"https:\/\/wgphoto.pl\/t\/index.php?rest_route=\/wp\/v2\/posts\/15096","targetHints":{"allow":["GET"]}}],"collection":[{"href":"https:\/\/wgphoto.pl\/t\/index.php?rest_route=\/wp\/v2\/posts"}],"about":[{"href":"https:\/\/wgphoto.pl\/t\/index.php?rest_route=\/wp\/v2\/types\/post"}],"author":[{"embeddable":true,"href":"https:\/\/wgphoto.pl\/t\/index.php?rest_route=\/wp\/v2\/users\/1"}],"replies":[{"embeddable":true,"href":"https:\/\/wgphoto.pl\/t\/index.php?rest_route=%2Fwp%2Fv2%2Fcomments&post=15096"}],"version-history":[{"count":1,"href":"https:\/\/wgphoto.pl\/t\/index.php?rest_route=\/wp\/v2\/posts\/15096\/revisions"}],"predecessor-version":[{"id":15098,"href":"https:\/\/wgphoto.pl\/t\/index.php?rest_route=\/wp\/v2\/posts\/15096\/revisions\/15098"}],"wp:featuredmedia":[{"embeddable":true,"href":"https:\/\/wgphoto.pl\/t\/index.php?rest_route=\/wp\/v2\/media\/15097"}],"wp:attachment":[{"href":"https:\/\/wgphoto.pl\/t\/index.php?rest_route=%2Fwp%2Fv2%2Fmedia&parent=15096"}],"wp:term":[{"taxonomy":"category","embeddable":true,"href":"https:\/\/wgphoto.pl\/t\/index.php?rest_route=%2Fwp%2Fv2%2Fcategories&post=15096"},{"taxonomy":"post_tag","embeddable":true,"href":"https:\/\/wgphoto.pl\/t\/index.php?rest_route=%2Fwp%2Fv2%2Ftags&post=15096"}],"curies":[{"name":"wp","href":"https:\/\/api.w.org\/{rel}","templated":true}]}}