{"id":15099,"date":"2025-03-23T21:03:07","date_gmt":"2025-03-23T20:03:07","guid":{"rendered":"https:\/\/wgphoto.pl\/t\/?p=15099"},"modified":"2025-12-21T20:26:18","modified_gmt":"2025-12-21T19:26:18","slug":"jesien","status":"publish","type":"post","link":"https:\/\/wgphoto.pl\/t\/?p=15099","title":{"rendered":"Jesie\u0144"},"content":{"rendered":"\n<figure class=\"wp-block-image aligncenter size-full\"><img loading=\"lazy\" decoding=\"async\" width=\"1200\" height=\"795\" src=\"https:\/\/wgphoto.pl\/t\/wp-content\/uploads\/2025\/03\/IMGP8607s.jpg\" alt=\"\" class=\"wp-image-15100\" srcset=\"https:\/\/wgphoto.pl\/t\/wp-content\/uploads\/2025\/03\/IMGP8607s.jpg 1200w, https:\/\/wgphoto.pl\/t\/wp-content\/uploads\/2025\/03\/IMGP8607s-300x199.jpg 300w, https:\/\/wgphoto.pl\/t\/wp-content\/uploads\/2025\/03\/IMGP8607s-768x509.jpg 768w\" sizes=\"auto, (max-width: 1200px) 100vw, 1200px\" \/><\/figure>\n\n\n\n<div class=\"wp-block-group has-global-padding is-layout-constrained wp-block-group-is-layout-constrained\">\n<p>Dwudziestka osiemnasta odbywa przerw\u0119 na Krzykach jako linia 2. Nie potrafi\u0119 wymy\u015bli\u0107 \u017cadnego uj\u0119cia z tej p\u0119tli z cho\u0107 odrobin\u0105 polotu. Skoro wi\u0119c warunki terenowe s\u0105 niesprzyjaj\u0105ce, tym ch\u0119tniej wykorzysta\u0142em warunki pogodowe. 26.11.2016<\/p>\n<\/div>\n","protected":false},"excerpt":{"rendered":"<p>Dwudziestka osiemnasta odbywa przerw\u0119 na Krzykach jako linia 2. Nie potrafi\u0119 wymy\u015bli\u0107 \u017cadnego uj\u0119cia z tej p\u0119tli z cho\u0107 odrobin\u0105 polotu. Skoro wi\u0119c warunki terenowe s\u0105 niesprzyjaj\u0105ce, tym ch\u0119tniej wykorzysta\u0142em warunki pogodowe. 26.11.2016<\/p>\n","protected":false},"author":1,"featured_media":15100,"comment_status":"open","ping_status":"","sticky":false,"template":"","format":"standard","meta":{"footnotes":""},"categories":[125,3],"tags":[3558,845,4603,821,501,42,154,27,439,41],"class_list":["post-15099","post","type-post","status-publish","format-standard","has-post-thumbnail","hentry","category-rok-2016","category-tramwaj","tag-2016-11-26","tag-czarno-biale","tag-mf19ac","tag-mgla","tag-moderus-beta","tag-mpk-wroclaw","tag-noc","tag-polska","tag-we-fabryce","tag-wroclaw"],"_links":{"self":[{"href":"https:\/\/wgphoto.pl\/t\/index.php?rest_route=\/wp\/v2\/posts\/15099","targetHints":{"allow":["GET"]}}],"collection":[{"href":"https:\/\/wgphoto.pl\/t\/index.php?rest_route=\/wp\/v2\/posts"}],"about":[{"href":"https:\/\/wgphoto.pl\/t\/index.php?rest_route=\/wp\/v2\/types\/post"}],"author":[{"embeddable":true,"href":"https:\/\/wgphoto.pl\/t\/index.php?rest_route=\/wp\/v2\/users\/1"}],"replies":[{"embeddable":true,"href":"https:\/\/wgphoto.pl\/t\/index.php?rest_route=%2Fwp%2Fv2%2Fcomments&post=15099"}],"version-history":[{"count":1,"href":"https:\/\/wgphoto.pl\/t\/index.php?rest_route=\/wp\/v2\/posts\/15099\/revisions"}],"predecessor-version":[{"id":15101,"href":"https:\/\/wgphoto.pl\/t\/index.php?rest_route=\/wp\/v2\/posts\/15099\/revisions\/15101"}],"wp:featuredmedia":[{"embeddable":true,"href":"https:\/\/wgphoto.pl\/t\/index.php?rest_route=\/wp\/v2\/media\/15100"}],"wp:attachment":[{"href":"https:\/\/wgphoto.pl\/t\/index.php?rest_route=%2Fwp%2Fv2%2Fmedia&parent=15099"}],"wp:term":[{"taxonomy":"category","embeddable":true,"href":"https:\/\/wgphoto.pl\/t\/index.php?rest_route=%2Fwp%2Fv2%2Fcategories&post=15099"},{"taxonomy":"post_tag","embeddable":true,"href":"https:\/\/wgphoto.pl\/t\/index.php?rest_route=%2Fwp%2Fv2%2Ftags&post=15099"}],"curies":[{"name":"wp","href":"https:\/\/api.w.org\/{rel}","templated":true}]}}