{"id":15108,"date":"2025-03-23T21:06:27","date_gmt":"2025-03-23T20:06:27","guid":{"rendered":"https:\/\/wgphoto.pl\/t\/?p=15108"},"modified":"2025-03-23T21:06:27","modified_gmt":"2025-03-23T20:06:27","slug":"knypek","status":"publish","type":"post","link":"https:\/\/wgphoto.pl\/t\/?p=15108","title":{"rendered":"Knypek"},"content":{"rendered":"\n<figure class=\"wp-block-image aligncenter size-full\"><img loading=\"lazy\" decoding=\"async\" width=\"1200\" height=\"800\" src=\"https:\/\/wgphoto.pl\/t\/wp-content\/uploads\/2025\/03\/0904-04.jpg\" alt=\"\" class=\"wp-image-15109\" srcset=\"https:\/\/wgphoto.pl\/t\/wp-content\/uploads\/2025\/03\/0904-04.jpg 1200w, https:\/\/wgphoto.pl\/t\/wp-content\/uploads\/2025\/03\/0904-04-300x200.jpg 300w, https:\/\/wgphoto.pl\/t\/wp-content\/uploads\/2025\/03\/0904-04-768x512.jpg 768w\" sizes=\"auto, (max-width: 1200px) 100vw, 1200px\" \/><\/figure>\n\n\n\n<div class=\"wp-block-group has-global-padding is-layout-constrained wp-block-group-is-layout-constrained\">\n<p>&#8222;\u015anie\u017cnik&#8221; z K\u0142odzka (wagon bezpo\u015bredni z Wroc\u0142awia) do Mi\u0119dzylesia mija nieczynn\u0105 stacj\u0119 Krosnowice G\u00f3rne. W tym uj\u0119ciu ten sk\u0142ad prezentuje si\u0119 wyj\u0105tkowo knypkowato. 29.03.2009<\/p>\n<\/div>\n","protected":false},"excerpt":{"rendered":"<p>&#8222;\u015anie\u017cnik&#8221; z K\u0142odzka (wagon bezpo\u015bredni z Wroc\u0142awia) do Mi\u0119dzylesia mija nieczynn\u0105 stacj\u0119 Krosnowice G\u00f3rne. W tym uj\u0119ciu ten sk\u0142ad prezentuje si\u0119 wyj\u0105tkowo knypkowato. 29.03.2009<\/p>\n","protected":false},"author":1,"featured_media":15109,"comment_status":"open","ping_status":"","sticky":false,"template":"","format":"standard","meta":{"footnotes":""},"categories":[62,2,169],"tags":[1575,122,823,3439,63,27,383],"class_list":["post-15108","post","type-post","status-publish","format-standard","has-post-thumbnail","hentry","category-analog","category-kolej","category-rok-2009","tag-2009-03-29","tag-eu07","tag-gorzanow","tag-krosnowice-klodzkie","tag-pkp","tag-polska","tag-tab-pl230"],"_links":{"self":[{"href":"https:\/\/wgphoto.pl\/t\/index.php?rest_route=\/wp\/v2\/posts\/15108","targetHints":{"allow":["GET"]}}],"collection":[{"href":"https:\/\/wgphoto.pl\/t\/index.php?rest_route=\/wp\/v2\/posts"}],"about":[{"href":"https:\/\/wgphoto.pl\/t\/index.php?rest_route=\/wp\/v2\/types\/post"}],"author":[{"embeddable":true,"href":"https:\/\/wgphoto.pl\/t\/index.php?rest_route=\/wp\/v2\/users\/1"}],"replies":[{"embeddable":true,"href":"https:\/\/wgphoto.pl\/t\/index.php?rest_route=%2Fwp%2Fv2%2Fcomments&post=15108"}],"version-history":[{"count":1,"href":"https:\/\/wgphoto.pl\/t\/index.php?rest_route=\/wp\/v2\/posts\/15108\/revisions"}],"predecessor-version":[{"id":15110,"href":"https:\/\/wgphoto.pl\/t\/index.php?rest_route=\/wp\/v2\/posts\/15108\/revisions\/15110"}],"wp:featuredmedia":[{"embeddable":true,"href":"https:\/\/wgphoto.pl\/t\/index.php?rest_route=\/wp\/v2\/media\/15109"}],"wp:attachment":[{"href":"https:\/\/wgphoto.pl\/t\/index.php?rest_route=%2Fwp%2Fv2%2Fmedia&parent=15108"}],"wp:term":[{"taxonomy":"category","embeddable":true,"href":"https:\/\/wgphoto.pl\/t\/index.php?rest_route=%2Fwp%2Fv2%2Fcategories&post=15108"},{"taxonomy":"post_tag","embeddable":true,"href":"https:\/\/wgphoto.pl\/t\/index.php?rest_route=%2Fwp%2Fv2%2Ftags&post=15108"}],"curies":[{"name":"wp","href":"https:\/\/api.w.org\/{rel}","templated":true}]}}