{"id":15117,"date":"2025-03-23T21:09:00","date_gmt":"2025-03-23T20:09:00","guid":{"rendered":"https:\/\/wgphoto.pl\/t\/?p=15117"},"modified":"2025-03-23T21:09:00","modified_gmt":"2025-03-23T20:09:00","slug":"niedzielne-trudnosci","status":"publish","type":"post","link":"https:\/\/wgphoto.pl\/t\/?p=15117","title":{"rendered":"Niedzielne trudno\u015bci"},"content":{"rendered":"\n<figure class=\"wp-block-image aligncenter size-full\"><img loading=\"lazy\" decoding=\"async\" width=\"1200\" height=\"800\" src=\"https:\/\/wgphoto.pl\/t\/wp-content\/uploads\/2025\/03\/0904-07.jpg\" alt=\"\" class=\"wp-image-15118\" srcset=\"https:\/\/wgphoto.pl\/t\/wp-content\/uploads\/2025\/03\/0904-07.jpg 1200w, https:\/\/wgphoto.pl\/t\/wp-content\/uploads\/2025\/03\/0904-07-300x200.jpg 300w, https:\/\/wgphoto.pl\/t\/wp-content\/uploads\/2025\/03\/0904-07-768x512.jpg 768w\" sizes=\"auto, (max-width: 1200px) 100vw, 1200px\" \/><\/figure>\n\n\n\n<div class=\"wp-block-group has-global-padding is-layout-constrained wp-block-group-is-layout-constrained\">\n<p>EU07-019 i jedna bonanza stanowi\u0105 planowe zestawienie poci\u0105gu 3020 &#8222;\u015anie\u017cnik&#8221; z Mi\u0119dzylesia do K\u0142odzka G\u0142. (i dalej do Wroc\u0142awia G\u0142.). Zestaw ten zatrzymuje si\u0119 przy peronie stacji Domaszk\u00f3w, gdzie na zwolnienie szlaku do Mi\u0119dzylesia czeka ju\u017c poci\u0105g 327 z Wroc\u0142awia zestawiony z dw\u00f3ch jednostek EN57. Jest niedzielne popo\u0142udnie. Widoczni pasa\u017cerowie wsiadaj\u0105c na drugim przystanku na trasie zajm\u0105 jeszcze miejsca siedz\u0105ce. W Bystrzycy K\u0142odzkiej polec\u0105 ju\u017c pierwsze kurwy. I tak zapewne co tydzie\u0144. 29.03.2009<\/p>\n<\/div>\n","protected":false},"excerpt":{"rendered":"<p>EU07-019 i jedna bonanza stanowi\u0105 planowe zestawienie poci\u0105gu 3020 &#8222;\u015anie\u017cnik&#8221; z Mi\u0119dzylesia do K\u0142odzka G\u0142. (i dalej do Wroc\u0142awia G\u0142.). Zestaw ten zatrzymuje si\u0119 przy peronie stacji Domaszk\u00f3w, gdzie na zwolnienie szlaku do Mi\u0119dzylesia czeka ju\u017c poci\u0105g 327 z Wroc\u0142awia zestawiony z dw\u00f3ch jednostek EN57. Jest niedzielne popo\u0142udnie. Widoczni pasa\u017cerowie wsiadaj\u0105c na drugim przystanku na [&hellip;]<\/p>\n","protected":false},"author":1,"featured_media":15118,"comment_status":"open","ping_status":"","sticky":false,"template":"","format":"standard","meta":{"footnotes":""},"categories":[62,2,169],"tags":[1575,13,388,122,151,1186,63,27,383],"class_list":["post-15117","post","type-post","status-publish","format-standard","has-post-thumbnail","hentry","category-analog","category-kolej","category-rok-2009","tag-2009-03-29","tag-deszcz","tag-domaszkow","tag-eu07","tag-ludzie","tag-na-wsiadanego","tag-pkp","tag-polska","tag-tab-pl230"],"_links":{"self":[{"href":"https:\/\/wgphoto.pl\/t\/index.php?rest_route=\/wp\/v2\/posts\/15117","targetHints":{"allow":["GET"]}}],"collection":[{"href":"https:\/\/wgphoto.pl\/t\/index.php?rest_route=\/wp\/v2\/posts"}],"about":[{"href":"https:\/\/wgphoto.pl\/t\/index.php?rest_route=\/wp\/v2\/types\/post"}],"author":[{"embeddable":true,"href":"https:\/\/wgphoto.pl\/t\/index.php?rest_route=\/wp\/v2\/users\/1"}],"replies":[{"embeddable":true,"href":"https:\/\/wgphoto.pl\/t\/index.php?rest_route=%2Fwp%2Fv2%2Fcomments&post=15117"}],"version-history":[{"count":1,"href":"https:\/\/wgphoto.pl\/t\/index.php?rest_route=\/wp\/v2\/posts\/15117\/revisions"}],"predecessor-version":[{"id":15119,"href":"https:\/\/wgphoto.pl\/t\/index.php?rest_route=\/wp\/v2\/posts\/15117\/revisions\/15119"}],"wp:featuredmedia":[{"embeddable":true,"href":"https:\/\/wgphoto.pl\/t\/index.php?rest_route=\/wp\/v2\/media\/15118"}],"wp:attachment":[{"href":"https:\/\/wgphoto.pl\/t\/index.php?rest_route=%2Fwp%2Fv2%2Fmedia&parent=15117"}],"wp:term":[{"taxonomy":"category","embeddable":true,"href":"https:\/\/wgphoto.pl\/t\/index.php?rest_route=%2Fwp%2Fv2%2Fcategories&post=15117"},{"taxonomy":"post_tag","embeddable":true,"href":"https:\/\/wgphoto.pl\/t\/index.php?rest_route=%2Fwp%2Fv2%2Ftags&post=15117"}],"curies":[{"name":"wp","href":"https:\/\/api.w.org\/{rel}","templated":true}]}}