{"id":15123,"date":"2025-03-23T21:10:44","date_gmt":"2025-03-23T20:10:44","guid":{"rendered":"https:\/\/wgphoto.pl\/t\/?p=15123"},"modified":"2025-03-23T21:10:44","modified_gmt":"2025-03-23T20:10:44","slug":"okrojony","status":"publish","type":"post","link":"https:\/\/wgphoto.pl\/t\/?p=15123","title":{"rendered":"Okrojony"},"content":{"rendered":"\n<figure class=\"wp-block-image aligncenter size-full\"><img loading=\"lazy\" decoding=\"async\" width=\"1300\" height=\"861\" src=\"https:\/\/wgphoto.pl\/t\/wp-content\/uploads\/2025\/03\/0904-12.jpg\" alt=\"\" class=\"wp-image-15124\" srcset=\"https:\/\/wgphoto.pl\/t\/wp-content\/uploads\/2025\/03\/0904-12.jpg 1300w, https:\/\/wgphoto.pl\/t\/wp-content\/uploads\/2025\/03\/0904-12-300x199.jpg 300w, https:\/\/wgphoto.pl\/t\/wp-content\/uploads\/2025\/03\/0904-12-768x509.jpg 768w\" sizes=\"auto, (max-width: 1300px) 100vw, 1300px\" \/><\/figure>\n\n\n\n<div class=\"wp-block-group has-global-padding is-layout-constrained wp-block-group-is-layout-constrained\">\n<p>SU42-504 prowadzi jeden wagon, teoretycznie jako poc. 311 &#8222;Wilczek&#8221; z Wroc\u0142awia do Kudowy. Planowo sk\u0142ad ten powinien by\u0107 zestawiony z trzech wagon\u00f3w, jednak ca\u0142kiem prawdopodobnym jest, \u017ce ze wzgl\u0119du na maj\u0105cy obowi\u0105zywa\u0107 od 1 kwietnia podzia\u0142 w K\u0142odzku bezpo\u015brednich relacji poci\u0105g\u00f3w osobowych, kursuj\u0105cych dotychczas z Wroc\u0142awia (&#8222;\u015anie\u017cnik&#8221; oraz w\u0142a\u015bnie &#8222;Wilczek&#8221;), obiegi sk\u0142ad\u00f3w wymusi\u0142y ograniczenie d\u0142ugo\u015bci poci\u0105gu ju\u017c 31 marca. 2009-03-31<\/p>\n<\/div>\n","protected":false},"excerpt":{"rendered":"<p>SU42-504 prowadzi jeden wagon, teoretycznie jako poc. 311 &#8222;Wilczek&#8221; z Wroc\u0142awia do Kudowy. Planowo sk\u0142ad ten powinien by\u0107 zestawiony z trzech wagon\u00f3w, jednak ca\u0142kiem prawdopodobnym jest, \u017ce ze wzgl\u0119du na maj\u0105cy obowi\u0105zywa\u0107 od 1 kwietnia podzia\u0142 w K\u0142odzku bezpo\u015brednich relacji poci\u0105g\u00f3w osobowych, kursuj\u0105cych dotychczas z Wroc\u0142awia (&#8222;\u015anie\u017cnik&#8221; oraz w\u0142a\u015bnie &#8222;Wilczek&#8221;), obiegi sk\u0142ad\u00f3w wymusi\u0142y ograniczenie d\u0142ugo\u015bci [&hellip;]<\/p>\n","protected":false},"author":1,"featured_media":15124,"comment_status":"open","ping_status":"","sticky":false,"template":"","format":"standard","meta":{"footnotes":""},"categories":[62,2,169],"tags":[3438,3559,63,27,176,250,383],"class_list":["post-15123","post","type-post","status-publish","format-standard","has-post-thumbnail","hentry","category-analog","category-kolej","category-rok-2009","tag-2009-03-31","tag-klodzko-nowe","tag-pkp","tag-polska","tag-rano","tag-su42","tag-tab-pl230"],"_links":{"self":[{"href":"https:\/\/wgphoto.pl\/t\/index.php?rest_route=\/wp\/v2\/posts\/15123","targetHints":{"allow":["GET"]}}],"collection":[{"href":"https:\/\/wgphoto.pl\/t\/index.php?rest_route=\/wp\/v2\/posts"}],"about":[{"href":"https:\/\/wgphoto.pl\/t\/index.php?rest_route=\/wp\/v2\/types\/post"}],"author":[{"embeddable":true,"href":"https:\/\/wgphoto.pl\/t\/index.php?rest_route=\/wp\/v2\/users\/1"}],"replies":[{"embeddable":true,"href":"https:\/\/wgphoto.pl\/t\/index.php?rest_route=%2Fwp%2Fv2%2Fcomments&post=15123"}],"version-history":[{"count":1,"href":"https:\/\/wgphoto.pl\/t\/index.php?rest_route=\/wp\/v2\/posts\/15123\/revisions"}],"predecessor-version":[{"id":15125,"href":"https:\/\/wgphoto.pl\/t\/index.php?rest_route=\/wp\/v2\/posts\/15123\/revisions\/15125"}],"wp:featuredmedia":[{"embeddable":true,"href":"https:\/\/wgphoto.pl\/t\/index.php?rest_route=\/wp\/v2\/media\/15124"}],"wp:attachment":[{"href":"https:\/\/wgphoto.pl\/t\/index.php?rest_route=%2Fwp%2Fv2%2Fmedia&parent=15123"}],"wp:term":[{"taxonomy":"category","embeddable":true,"href":"https:\/\/wgphoto.pl\/t\/index.php?rest_route=%2Fwp%2Fv2%2Fcategories&post=15123"},{"taxonomy":"post_tag","embeddable":true,"href":"https:\/\/wgphoto.pl\/t\/index.php?rest_route=%2Fwp%2Fv2%2Ftags&post=15123"}],"curies":[{"name":"wp","href":"https:\/\/api.w.org\/{rel}","templated":true}]}}