{"id":15135,"date":"2025-03-23T21:15:49","date_gmt":"2025-03-23T20:15:49","guid":{"rendered":"https:\/\/wgphoto.pl\/t\/?p=15135"},"modified":"2025-03-23T21:15:49","modified_gmt":"2025-03-23T20:15:49","slug":"wiosna-2","status":"publish","type":"post","link":"https:\/\/wgphoto.pl\/t\/?p=15135","title":{"rendered":"Wiosna!"},"content":{"rendered":"\n<figure class=\"wp-block-image aligncenter size-full\"><img loading=\"lazy\" decoding=\"async\" width=\"1200\" height=\"803\" src=\"https:\/\/wgphoto.pl\/t\/wp-content\/uploads\/2025\/03\/IMGP7963-1.jpg\" alt=\"\" class=\"wp-image-15136\" srcset=\"https:\/\/wgphoto.pl\/t\/wp-content\/uploads\/2025\/03\/IMGP7963-1.jpg 1200w, https:\/\/wgphoto.pl\/t\/wp-content\/uploads\/2025\/03\/IMGP7963-1-300x201.jpg 300w, https:\/\/wgphoto.pl\/t\/wp-content\/uploads\/2025\/03\/IMGP7963-1-768x514.jpg 768w\" sizes=\"auto, (max-width: 1200px) 100vw, 1200px\" \/><\/figure>\n\n\n\n<div class=\"wp-block-group has-global-padding is-layout-constrained wp-block-group-is-layout-constrained\">\n<p>Wiosna to nie tylko kwitn\u0105ce kwiecie, ale tak\u017ce m\u0142ode listki, prezentuj\u0105ce si\u0119 bardzo soczy\u015bcie w takim niskim, popo\u0142udniowym s\u0142o\u0144cu. 23.04.2012<\/p>\n<\/div>\n","protected":false},"excerpt":{"rendered":"<p>Wiosna to nie tylko kwitn\u0105ce kwiecie, ale tak\u017ce m\u0142ode listki, prezentuj\u0105ce si\u0119 bardzo soczy\u015bcie w takim niskim, popo\u0142udniowym s\u0142o\u0144cu. 23.04.2012<\/p>\n","protected":false},"author":1,"featured_media":15136,"comment_status":"open","ping_status":"","sticky":false,"template":"","format":"standard","meta":{"footnotes":""},"categories":[46,3],"tags":[3561,42,27,1493,216,439,294,41],"class_list":["post-15135","post","type-post","status-publish","format-standard","has-post-thumbnail","hentry","category-rok-2012","category-tramwaj","tag-2012-04-23","tag-mpk-wroclaw","tag-polska","tag-skoda-19t","tag-skoda-elektra","tag-we-fabryce","tag-wiosna","tag-wroclaw"],"_links":{"self":[{"href":"https:\/\/wgphoto.pl\/t\/index.php?rest_route=\/wp\/v2\/posts\/15135","targetHints":{"allow":["GET"]}}],"collection":[{"href":"https:\/\/wgphoto.pl\/t\/index.php?rest_route=\/wp\/v2\/posts"}],"about":[{"href":"https:\/\/wgphoto.pl\/t\/index.php?rest_route=\/wp\/v2\/types\/post"}],"author":[{"embeddable":true,"href":"https:\/\/wgphoto.pl\/t\/index.php?rest_route=\/wp\/v2\/users\/1"}],"replies":[{"embeddable":true,"href":"https:\/\/wgphoto.pl\/t\/index.php?rest_route=%2Fwp%2Fv2%2Fcomments&post=15135"}],"version-history":[{"count":1,"href":"https:\/\/wgphoto.pl\/t\/index.php?rest_route=\/wp\/v2\/posts\/15135\/revisions"}],"predecessor-version":[{"id":15137,"href":"https:\/\/wgphoto.pl\/t\/index.php?rest_route=\/wp\/v2\/posts\/15135\/revisions\/15137"}],"wp:featuredmedia":[{"embeddable":true,"href":"https:\/\/wgphoto.pl\/t\/index.php?rest_route=\/wp\/v2\/media\/15136"}],"wp:attachment":[{"href":"https:\/\/wgphoto.pl\/t\/index.php?rest_route=%2Fwp%2Fv2%2Fmedia&parent=15135"}],"wp:term":[{"taxonomy":"category","embeddable":true,"href":"https:\/\/wgphoto.pl\/t\/index.php?rest_route=%2Fwp%2Fv2%2Fcategories&post=15135"},{"taxonomy":"post_tag","embeddable":true,"href":"https:\/\/wgphoto.pl\/t\/index.php?rest_route=%2Fwp%2Fv2%2Ftags&post=15135"}],"curies":[{"name":"wp","href":"https:\/\/api.w.org\/{rel}","templated":true}]}}