{"id":15138,"date":"2025-03-23T21:16:41","date_gmt":"2025-03-23T20:16:41","guid":{"rendered":"https:\/\/wgphoto.pl\/t\/?p=15138"},"modified":"2025-03-23T21:16:41","modified_gmt":"2025-03-23T20:16:41","slug":"robota-wykonana","status":"publish","type":"post","link":"https:\/\/wgphoto.pl\/t\/?p=15138","title":{"rendered":"Robota wykonana"},"content":{"rendered":"\n<figure class=\"wp-block-image aligncenter size-full\"><img loading=\"lazy\" decoding=\"async\" width=\"1200\" height=\"803\" src=\"https:\/\/wgphoto.pl\/t\/wp-content\/uploads\/2025\/03\/IMGP7968-1.jpg\" alt=\"\" class=\"wp-image-15139\" srcset=\"https:\/\/wgphoto.pl\/t\/wp-content\/uploads\/2025\/03\/IMGP7968-1.jpg 1200w, https:\/\/wgphoto.pl\/t\/wp-content\/uploads\/2025\/03\/IMGP7968-1-300x201.jpg 300w, https:\/\/wgphoto.pl\/t\/wp-content\/uploads\/2025\/03\/IMGP7968-1-768x514.jpg 768w\" sizes=\"auto, (max-width: 1200px) 100vw, 1200px\" \/><\/figure>\n\n\n\n<div class=\"wp-block-group has-global-padding is-layout-constrained wp-block-group-is-layout-constrained\">\n<p>R\u00f3wne trzy tygodnie od chronologicznie pierwszego zdj\u0119cia z serii i proces zazieleniania w\u0142a\u015bciwie zako\u0144czony. 25.04.2012<\/p>\n<\/div>\n","protected":false},"excerpt":{"rendered":"<p>R\u00f3wne trzy tygodnie od chronologicznie pierwszego zdj\u0119cia z serii i proces zazieleniania w\u0142a\u015bciwie zako\u0144czony. 25.04.2012<\/p>\n","protected":false},"author":1,"featured_media":15139,"comment_status":"open","ping_status":"","sticky":false,"template":"","format":"standard","meta":{"footnotes":""},"categories":[46,3],"tags":[3562,42,27,1493,216,439,294,41],"class_list":["post-15138","post","type-post","status-publish","format-standard","has-post-thumbnail","hentry","category-rok-2012","category-tramwaj","tag-2012-04-25","tag-mpk-wroclaw","tag-polska","tag-skoda-19t","tag-skoda-elektra","tag-we-fabryce","tag-wiosna","tag-wroclaw"],"_links":{"self":[{"href":"https:\/\/wgphoto.pl\/t\/index.php?rest_route=\/wp\/v2\/posts\/15138","targetHints":{"allow":["GET"]}}],"collection":[{"href":"https:\/\/wgphoto.pl\/t\/index.php?rest_route=\/wp\/v2\/posts"}],"about":[{"href":"https:\/\/wgphoto.pl\/t\/index.php?rest_route=\/wp\/v2\/types\/post"}],"author":[{"embeddable":true,"href":"https:\/\/wgphoto.pl\/t\/index.php?rest_route=\/wp\/v2\/users\/1"}],"replies":[{"embeddable":true,"href":"https:\/\/wgphoto.pl\/t\/index.php?rest_route=%2Fwp%2Fv2%2Fcomments&post=15138"}],"version-history":[{"count":1,"href":"https:\/\/wgphoto.pl\/t\/index.php?rest_route=\/wp\/v2\/posts\/15138\/revisions"}],"predecessor-version":[{"id":15140,"href":"https:\/\/wgphoto.pl\/t\/index.php?rest_route=\/wp\/v2\/posts\/15138\/revisions\/15140"}],"wp:featuredmedia":[{"embeddable":true,"href":"https:\/\/wgphoto.pl\/t\/index.php?rest_route=\/wp\/v2\/media\/15139"}],"wp:attachment":[{"href":"https:\/\/wgphoto.pl\/t\/index.php?rest_route=%2Fwp%2Fv2%2Fmedia&parent=15138"}],"wp:term":[{"taxonomy":"category","embeddable":true,"href":"https:\/\/wgphoto.pl\/t\/index.php?rest_route=%2Fwp%2Fv2%2Fcategories&post=15138"},{"taxonomy":"post_tag","embeddable":true,"href":"https:\/\/wgphoto.pl\/t\/index.php?rest_route=%2Fwp%2Fv2%2Ftags&post=15138"}],"curies":[{"name":"wp","href":"https:\/\/api.w.org\/{rel}","templated":true}]}}