{"id":15141,"date":"2025-03-23T21:18:04","date_gmt":"2025-03-23T20:18:04","guid":{"rendered":"https:\/\/wgphoto.pl\/t\/?p=15141"},"modified":"2025-03-23T21:18:04","modified_gmt":"2025-03-23T20:18:04","slug":"poranny-jogging","status":"publish","type":"post","link":"https:\/\/wgphoto.pl\/t\/?p=15141","title":{"rendered":"Poranny jogging"},"content":{"rendered":"\n<figure class=\"wp-block-image aligncenter size-full\"><img loading=\"lazy\" decoding=\"async\" width=\"1200\" height=\"803\" src=\"https:\/\/wgphoto.pl\/t\/wp-content\/uploads\/2025\/03\/IMGP8074.jpg\" alt=\"\" class=\"wp-image-15142\" srcset=\"https:\/\/wgphoto.pl\/t\/wp-content\/uploads\/2025\/03\/IMGP8074.jpg 1200w, https:\/\/wgphoto.pl\/t\/wp-content\/uploads\/2025\/03\/IMGP8074-300x201.jpg 300w, https:\/\/wgphoto.pl\/t\/wp-content\/uploads\/2025\/03\/IMGP8074-768x514.jpg 768w\" sizes=\"auto, (max-width: 1200px) 100vw, 1200px\" \/><\/figure>\n\n\n\n<div class=\"wp-block-group has-global-padding is-layout-constrained wp-block-group-is-layout-constrained\">\n<p>Tylko raz w dotychczasowej karierze uda\u0142o mi si\u0119 stan\u0105\u0107 w zatrzymaniu we w miar\u0119 sensownym miejscu. Po poinformowaniu wszystkich \u015bwi\u0119tych o zaistnia\u0142ej sytuacji, co poskutkowa\u0142o ca\u0142kowitym opr\u00f3\u017cnieniem tramwaju, nie maj\u0105c widok\u00f3w na szybki start z miejsca postoju, mo\u017cna si\u0119 uda\u0107 na ekspresowe foto. 18.05.2012<\/p>\n<\/div>\n","protected":false},"excerpt":{"rendered":"<p>Tylko raz w dotychczasowej karierze uda\u0142o mi si\u0119 stan\u0105\u0107 w zatrzymaniu we w miar\u0119 sensownym miejscu. Po poinformowaniu wszystkich \u015bwi\u0119tych o zaistnia\u0142ej sytuacji, co poskutkowa\u0142o ca\u0142kowitym opr\u00f3\u017cnieniem tramwaju, nie maj\u0105c widok\u00f3w na szybki start z miejsca postoju, mo\u017cna si\u0119 uda\u0107 na ekspresowe foto. 18.05.2012<\/p>\n","protected":false},"author":1,"featured_media":15142,"comment_status":"open","ping_status":"","sticky":false,"template":"","format":"standard","meta":{"footnotes":""},"categories":[46,3],"tags":[3253,42,27,176,1493,216,439,41],"class_list":["post-15141","post","type-post","status-publish","format-standard","has-post-thumbnail","hentry","category-rok-2012","category-tramwaj","tag-2012-05-18","tag-mpk-wroclaw","tag-polska","tag-rano","tag-skoda-19t","tag-skoda-elektra","tag-we-fabryce","tag-wroclaw"],"_links":{"self":[{"href":"https:\/\/wgphoto.pl\/t\/index.php?rest_route=\/wp\/v2\/posts\/15141","targetHints":{"allow":["GET"]}}],"collection":[{"href":"https:\/\/wgphoto.pl\/t\/index.php?rest_route=\/wp\/v2\/posts"}],"about":[{"href":"https:\/\/wgphoto.pl\/t\/index.php?rest_route=\/wp\/v2\/types\/post"}],"author":[{"embeddable":true,"href":"https:\/\/wgphoto.pl\/t\/index.php?rest_route=\/wp\/v2\/users\/1"}],"replies":[{"embeddable":true,"href":"https:\/\/wgphoto.pl\/t\/index.php?rest_route=%2Fwp%2Fv2%2Fcomments&post=15141"}],"version-history":[{"count":1,"href":"https:\/\/wgphoto.pl\/t\/index.php?rest_route=\/wp\/v2\/posts\/15141\/revisions"}],"predecessor-version":[{"id":15143,"href":"https:\/\/wgphoto.pl\/t\/index.php?rest_route=\/wp\/v2\/posts\/15141\/revisions\/15143"}],"wp:featuredmedia":[{"embeddable":true,"href":"https:\/\/wgphoto.pl\/t\/index.php?rest_route=\/wp\/v2\/media\/15142"}],"wp:attachment":[{"href":"https:\/\/wgphoto.pl\/t\/index.php?rest_route=%2Fwp%2Fv2%2Fmedia&parent=15141"}],"wp:term":[{"taxonomy":"category","embeddable":true,"href":"https:\/\/wgphoto.pl\/t\/index.php?rest_route=%2Fwp%2Fv2%2Fcategories&post=15141"},{"taxonomy":"post_tag","embeddable":true,"href":"https:\/\/wgphoto.pl\/t\/index.php?rest_route=%2Fwp%2Fv2%2Ftags&post=15141"}],"curies":[{"name":"wp","href":"https:\/\/api.w.org\/{rel}","templated":true}]}}