{"id":15144,"date":"2025-03-23T21:19:25","date_gmt":"2025-03-23T20:19:25","guid":{"rendered":"https:\/\/wgphoto.pl\/t\/?p=15144"},"modified":"2025-03-23T21:19:25","modified_gmt":"2025-03-23T20:19:25","slug":"cytrynki","status":"publish","type":"post","link":"https:\/\/wgphoto.pl\/t\/?p=15144","title":{"rendered":"Cytrynki"},"content":{"rendered":"\n<figure class=\"wp-block-image aligncenter size-full\"><img loading=\"lazy\" decoding=\"async\" width=\"1200\" height=\"803\" src=\"https:\/\/wgphoto.pl\/t\/wp-content\/uploads\/2025\/03\/IMGP7169.jpg\" alt=\"\" class=\"wp-image-15145\" srcset=\"https:\/\/wgphoto.pl\/t\/wp-content\/uploads\/2025\/03\/IMGP7169.jpg 1200w, https:\/\/wgphoto.pl\/t\/wp-content\/uploads\/2025\/03\/IMGP7169-300x201.jpg 300w, https:\/\/wgphoto.pl\/t\/wp-content\/uploads\/2025\/03\/IMGP7169-768x514.jpg 768w\" sizes=\"auto, (max-width: 1200px) 100vw, 1200px\" \/><\/figure>\n\n\n\n<div class=\"wp-block-group has-global-padding is-layout-constrained wp-block-group-is-layout-constrained\">\n<p>\u0160koda mija owocuj\u0105ce drzewa cytrynowe, uprawiane w przydomowych ogr\u00f3dkach w Cagliari. Na zdj\u0119ciu zaobserwowa\u0107 mo\u017cna r\u00f3wnie\u017c, \u017ce najwidoczniej planowana by\u0142a rozbudowa trasy do dw\u00f3ch tor\u00f3w, ale zapa\u0142u wystarczy\u0142o tylko na jeden. 22.03.2012<\/p>\n<\/div>\n","protected":false},"excerpt":{"rendered":"<p>\u0160koda mija owocuj\u0105ce drzewa cytrynowe, uprawiane w przydomowych ogr\u00f3dkach w Cagliari. Na zdj\u0119ciu zaobserwowa\u0107 mo\u017cna r\u00f3wnie\u017c, \u017ce najwidoczniej planowana by\u0142a rozbudowa trasy do dw\u00f3ch tor\u00f3w, ale zapa\u0142u wystarczy\u0142o tylko na jeden. 22.03.2012<\/p>\n","protected":false},"author":1,"featured_media":15145,"comment_status":"open","ping_status":"","sticky":false,"template":"","format":"standard","meta":{"footnotes":""},"categories":[46,3],"tags":[2647,2648,1693,1113,1691,3195,216,110],"class_list":["post-15144","post","type-post","status-publish","format-standard","has-post-thumbnail","hentry","category-rok-2012","category-tramwaj","tag-2012-03-22","tag-cagliari","tag-fds-cagliari","tag-roslinnosc","tag-sardynia","tag-skoda-06t","tag-skoda-elektra","tag-wlochy"],"_links":{"self":[{"href":"https:\/\/wgphoto.pl\/t\/index.php?rest_route=\/wp\/v2\/posts\/15144","targetHints":{"allow":["GET"]}}],"collection":[{"href":"https:\/\/wgphoto.pl\/t\/index.php?rest_route=\/wp\/v2\/posts"}],"about":[{"href":"https:\/\/wgphoto.pl\/t\/index.php?rest_route=\/wp\/v2\/types\/post"}],"author":[{"embeddable":true,"href":"https:\/\/wgphoto.pl\/t\/index.php?rest_route=\/wp\/v2\/users\/1"}],"replies":[{"embeddable":true,"href":"https:\/\/wgphoto.pl\/t\/index.php?rest_route=%2Fwp%2Fv2%2Fcomments&post=15144"}],"version-history":[{"count":1,"href":"https:\/\/wgphoto.pl\/t\/index.php?rest_route=\/wp\/v2\/posts\/15144\/revisions"}],"predecessor-version":[{"id":15146,"href":"https:\/\/wgphoto.pl\/t\/index.php?rest_route=\/wp\/v2\/posts\/15144\/revisions\/15146"}],"wp:featuredmedia":[{"embeddable":true,"href":"https:\/\/wgphoto.pl\/t\/index.php?rest_route=\/wp\/v2\/media\/15145"}],"wp:attachment":[{"href":"https:\/\/wgphoto.pl\/t\/index.php?rest_route=%2Fwp%2Fv2%2Fmedia&parent=15144"}],"wp:term":[{"taxonomy":"category","embeddable":true,"href":"https:\/\/wgphoto.pl\/t\/index.php?rest_route=%2Fwp%2Fv2%2Fcategories&post=15144"},{"taxonomy":"post_tag","embeddable":true,"href":"https:\/\/wgphoto.pl\/t\/index.php?rest_route=%2Fwp%2Fv2%2Ftags&post=15144"}],"curies":[{"name":"wp","href":"https:\/\/api.w.org\/{rel}","templated":true}]}}