{"id":15147,"date":"2025-03-23T21:20:14","date_gmt":"2025-03-23T20:20:14","guid":{"rendered":"https:\/\/wgphoto.pl\/t\/?p=15147"},"modified":"2025-03-23T21:20:14","modified_gmt":"2025-03-23T20:20:14","slug":"porta-del-popolo","status":"publish","type":"post","link":"https:\/\/wgphoto.pl\/t\/?p=15147","title":{"rendered":"Porta del Popolo"},"content":{"rendered":"\n<figure class=\"wp-block-image aligncenter size-full\"><img loading=\"lazy\" decoding=\"async\" width=\"1200\" height=\"803\" src=\"https:\/\/wgphoto.pl\/t\/wp-content\/uploads\/2025\/03\/IMGP7013.jpg\" alt=\"\" class=\"wp-image-15148\" srcset=\"https:\/\/wgphoto.pl\/t\/wp-content\/uploads\/2025\/03\/IMGP7013.jpg 1200w, https:\/\/wgphoto.pl\/t\/wp-content\/uploads\/2025\/03\/IMGP7013-300x201.jpg 300w, https:\/\/wgphoto.pl\/t\/wp-content\/uploads\/2025\/03\/IMGP7013-768x514.jpg 768w\" sizes=\"auto, (max-width: 1200px) 100vw, 1200px\" \/><\/figure>\n\n\n\n<div class=\"wp-block-group has-global-padding is-layout-constrained wp-block-group-is-layout-constrained\">\n<p>Rzym, Flaminio. Tramwaj produkcji Fiata z\u0142apany podczas przerwy na \u015blepej kra\u0144c\u00f3wce pod jedn\u0105 z bram w ci\u0105gu Muru Aureliana, chroni\u0105cego niegdy\u015b staro\u017cytny Rzym. Wsp\u00f3\u0142czesn\u0105 bram\u0119 zbudowano na polecenie papie\u017ca Sykstusa IV w roku, kt\u00f3ry mo\u017cna odczyta\u0107 na zdj\u0119ciu. 2012-03-21<\/p>\n<\/div>\n","protected":false},"excerpt":{"rendered":"<p>Rzym, Flaminio. Tramwaj produkcji Fiata z\u0142apany podczas przerwy na \u015blepej kra\u0144c\u00f3wce pod jedn\u0105 z bram w ci\u0105gu Muru Aureliana, chroni\u0105cego niegdy\u015b staro\u017cytny Rzym. Wsp\u00f3\u0142czesn\u0105 bram\u0119 zbudowano na polecenie papie\u017ca Sykstusa IV w roku, kt\u00f3ry mo\u017cna odczyta\u0107 na zdj\u0119ciu. 2012-03-21<\/p>\n","protected":false},"author":1,"featured_media":15148,"comment_status":"open","ping_status":"","sticky":false,"template":"","format":"standard","meta":{"footnotes":""},"categories":[46,3],"tags":[527,34,1029,1031,110],"class_list":["post-15147","post","type-post","status-publish","format-standard","has-post-thumbnail","hentry","category-rok-2012","category-tramwaj","tag-2012-03-21","tag-architektura","tag-atac-roma","tag-rzym","tag-wlochy"],"_links":{"self":[{"href":"https:\/\/wgphoto.pl\/t\/index.php?rest_route=\/wp\/v2\/posts\/15147","targetHints":{"allow":["GET"]}}],"collection":[{"href":"https:\/\/wgphoto.pl\/t\/index.php?rest_route=\/wp\/v2\/posts"}],"about":[{"href":"https:\/\/wgphoto.pl\/t\/index.php?rest_route=\/wp\/v2\/types\/post"}],"author":[{"embeddable":true,"href":"https:\/\/wgphoto.pl\/t\/index.php?rest_route=\/wp\/v2\/users\/1"}],"replies":[{"embeddable":true,"href":"https:\/\/wgphoto.pl\/t\/index.php?rest_route=%2Fwp%2Fv2%2Fcomments&post=15147"}],"version-history":[{"count":1,"href":"https:\/\/wgphoto.pl\/t\/index.php?rest_route=\/wp\/v2\/posts\/15147\/revisions"}],"predecessor-version":[{"id":15149,"href":"https:\/\/wgphoto.pl\/t\/index.php?rest_route=\/wp\/v2\/posts\/15147\/revisions\/15149"}],"wp:featuredmedia":[{"embeddable":true,"href":"https:\/\/wgphoto.pl\/t\/index.php?rest_route=\/wp\/v2\/media\/15148"}],"wp:attachment":[{"href":"https:\/\/wgphoto.pl\/t\/index.php?rest_route=%2Fwp%2Fv2%2Fmedia&parent=15147"}],"wp:term":[{"taxonomy":"category","embeddable":true,"href":"https:\/\/wgphoto.pl\/t\/index.php?rest_route=%2Fwp%2Fv2%2Fcategories&post=15147"},{"taxonomy":"post_tag","embeddable":true,"href":"https:\/\/wgphoto.pl\/t\/index.php?rest_route=%2Fwp%2Fv2%2Ftags&post=15147"}],"curies":[{"name":"wp","href":"https:\/\/api.w.org\/{rel}","templated":true}]}}