{"id":15150,"date":"2025-03-23T21:21:11","date_gmt":"2025-03-23T20:21:11","guid":{"rendered":"https:\/\/wgphoto.pl\/t\/?p=15150"},"modified":"2025-03-23T21:21:23","modified_gmt":"2025-03-23T20:21:23","slug":"schowany","status":"publish","type":"post","link":"https:\/\/wgphoto.pl\/t\/?p=15150","title":{"rendered":"Schowany"},"content":{"rendered":"\n<figure class=\"wp-block-image aligncenter size-full\"><img loading=\"lazy\" decoding=\"async\" width=\"1200\" height=\"803\" src=\"https:\/\/wgphoto.pl\/t\/wp-content\/uploads\/2025\/03\/IMGP7064.jpg\" alt=\"\" class=\"wp-image-15151\" srcset=\"https:\/\/wgphoto.pl\/t\/wp-content\/uploads\/2025\/03\/IMGP7064.jpg 1200w, https:\/\/wgphoto.pl\/t\/wp-content\/uploads\/2025\/03\/IMGP7064-300x201.jpg 300w, https:\/\/wgphoto.pl\/t\/wp-content\/uploads\/2025\/03\/IMGP7064-768x514.jpg 768w\" sizes=\"auto, (max-width: 1200px) 100vw, 1200px\" \/><\/figure>\n\n\n\n<div class=\"wp-block-group has-global-padding is-layout-constrained wp-block-group-is-layout-constrained\">\n<p>W cieniu widocznego po prawej ogromnego dworca Termini znajduje si\u0119 ko\u0144cowy przystanek kolei podmiejskiej Rzym &#8211; Giardinetti. Trasa ta jest obs\u0142ugiwana przestarza\u0142ym taborem, je\u017cd\u017c\u0105cym powoli i kursuj\u0105cym nieregularnie, infrastruktura te\u017c wybitna nie jest &#8211; taki relikt przesz\u0142o\u015bci, kt\u00f3ry jakim\u015b cudem jeszcze si\u0119 turla, ale lepiej go schowa\u0107 przed \u015bwiatem na takim skrawku &#8222;ziemi niczyjej&#8221;, wci\u015bni\u0119tej mi\u0119dzy mur oporowy r\u00f3wni stacyjnej dworca g\u0142\u00f3wnego oraz \u015br\u00f3dmiejskie kamienice i oddalonej od g\u0142\u00f3wnego wyj\u015bcia z dworca o dobre kilkaset metr\u00f3w. 2012-03-21<\/p>\n<\/div>\n","protected":false},"excerpt":{"rendered":"<p>W cieniu widocznego po prawej ogromnego dworca Termini znajduje si\u0119 ko\u0144cowy przystanek kolei podmiejskiej Rzym &#8211; Giardinetti. Trasa ta jest obs\u0142ugiwana przestarza\u0142ym taborem, je\u017cd\u017c\u0105cym powoli i kursuj\u0105cym nieregularnie, infrastruktura te\u017c wybitna nie jest &#8211; taki relikt przesz\u0142o\u015bci, kt\u00f3ry jakim\u015b cudem jeszcze si\u0119 turla, ale lepiej go schowa\u0107 przed \u015bwiatem na takim skrawku &#8222;ziemi niczyjej&#8221;, wci\u015bni\u0119tej [&hellip;]<\/p>\n","protected":false},"author":1,"featured_media":15151,"comment_status":"open","ping_status":"","sticky":false,"template":"","format":"standard","meta":{"footnotes":""},"categories":[46,3],"tags":[527,1029,91,1031,90,110],"class_list":["post-15150","post","type-post","status-publish","format-standard","has-post-thumbnail","hentry","category-rok-2012","category-tramwaj","tag-2012-03-21","tag-atac-roma","tag-blue-hour","tag-rzym","tag-wieczorem","tag-wlochy"],"_links":{"self":[{"href":"https:\/\/wgphoto.pl\/t\/index.php?rest_route=\/wp\/v2\/posts\/15150","targetHints":{"allow":["GET"]}}],"collection":[{"href":"https:\/\/wgphoto.pl\/t\/index.php?rest_route=\/wp\/v2\/posts"}],"about":[{"href":"https:\/\/wgphoto.pl\/t\/index.php?rest_route=\/wp\/v2\/types\/post"}],"author":[{"embeddable":true,"href":"https:\/\/wgphoto.pl\/t\/index.php?rest_route=\/wp\/v2\/users\/1"}],"replies":[{"embeddable":true,"href":"https:\/\/wgphoto.pl\/t\/index.php?rest_route=%2Fwp%2Fv2%2Fcomments&post=15150"}],"version-history":[{"count":1,"href":"https:\/\/wgphoto.pl\/t\/index.php?rest_route=\/wp\/v2\/posts\/15150\/revisions"}],"predecessor-version":[{"id":15152,"href":"https:\/\/wgphoto.pl\/t\/index.php?rest_route=\/wp\/v2\/posts\/15150\/revisions\/15152"}],"wp:featuredmedia":[{"embeddable":true,"href":"https:\/\/wgphoto.pl\/t\/index.php?rest_route=\/wp\/v2\/media\/15151"}],"wp:attachment":[{"href":"https:\/\/wgphoto.pl\/t\/index.php?rest_route=%2Fwp%2Fv2%2Fmedia&parent=15150"}],"wp:term":[{"taxonomy":"category","embeddable":true,"href":"https:\/\/wgphoto.pl\/t\/index.php?rest_route=%2Fwp%2Fv2%2Fcategories&post=15150"},{"taxonomy":"post_tag","embeddable":true,"href":"https:\/\/wgphoto.pl\/t\/index.php?rest_route=%2Fwp%2Fv2%2Ftags&post=15150"}],"curies":[{"name":"wp","href":"https:\/\/api.w.org\/{rel}","templated":true}]}}