{"id":15172,"date":"2025-03-28T21:06:43","date_gmt":"2025-03-28T20:06:43","guid":{"rendered":"https:\/\/wgphoto.pl\/t\/?p=15172"},"modified":"2025-03-28T21:06:43","modified_gmt":"2025-03-28T20:06:43","slug":"z-braku-pomyslu","status":"publish","type":"post","link":"https:\/\/wgphoto.pl\/t\/?p=15172","title":{"rendered":"Z braku pomys\u0142u"},"content":{"rendered":"\n<figure class=\"wp-block-image aligncenter size-full\"><img loading=\"lazy\" decoding=\"async\" width=\"1200\" height=\"800\" src=\"https:\/\/wgphoto.pl\/t\/wp-content\/uploads\/2025\/03\/0904-08.jpg\" alt=\"\" class=\"wp-image-15173\" srcset=\"https:\/\/wgphoto.pl\/t\/wp-content\/uploads\/2025\/03\/0904-08.jpg 1200w, https:\/\/wgphoto.pl\/t\/wp-content\/uploads\/2025\/03\/0904-08-300x200.jpg 300w, https:\/\/wgphoto.pl\/t\/wp-content\/uploads\/2025\/03\/0904-08-768x512.jpg 768w\" sizes=\"auto, (max-width: 1200px) 100vw, 1200px\" \/><\/figure>\n\n\n\n<div class=\"wp-block-group has-global-padding is-layout-constrained wp-block-group-is-layout-constrained\">\n<p>EU07-203 z poci\u0105giem osobowym do G\u00f6rlitz za par\u0119 minut odjedzie z Wroc\u0142awia G\u0142\u00f3wnego. Nie mam nic sensownego do wrzucenia, wi\u0119c rozpoczynam za\u0142adunek tego, co przygotowa\u0142em jaki\u015b czas temu. [taki dopisek istnia\u0142 w starym opisie, niech pozostanie] 31.03.2009<\/p>\n<\/div>\n","protected":false},"excerpt":{"rendered":"<p>EU07-203 z poci\u0105giem osobowym do G\u00f6rlitz za par\u0119 minut odjedzie z Wroc\u0142awia G\u0142\u00f3wnego. Nie mam nic sensownego do wrzucenia, wi\u0119c rozpoczynam za\u0142adunek tego, co przygotowa\u0142em jaki\u015b czas temu. [taki dopisek istnia\u0142 w starym opisie, niech pozostanie] 31.03.2009<\/p>\n","protected":false},"author":1,"featured_media":15173,"comment_status":"open","ping_status":"","sticky":false,"template":"","format":"standard","meta":{"footnotes":""},"categories":[62,2,169],"tags":[3438,283,122,179,154,63,27,233,41,180],"class_list":["post-15172","post","type-post","status-publish","format-standard","has-post-thumbnail","hentry","category-analog","category-kolej","category-rok-2009","tag-2009-03-31","tag-bdhpmnu","tag-eu07","tag-hala-peronowa","tag-noc","tag-pkp","tag-polska","tag-tab-pl260","tag-wroclaw","tag-wroclaw-glowny"],"_links":{"self":[{"href":"https:\/\/wgphoto.pl\/t\/index.php?rest_route=\/wp\/v2\/posts\/15172","targetHints":{"allow":["GET"]}}],"collection":[{"href":"https:\/\/wgphoto.pl\/t\/index.php?rest_route=\/wp\/v2\/posts"}],"about":[{"href":"https:\/\/wgphoto.pl\/t\/index.php?rest_route=\/wp\/v2\/types\/post"}],"author":[{"embeddable":true,"href":"https:\/\/wgphoto.pl\/t\/index.php?rest_route=\/wp\/v2\/users\/1"}],"replies":[{"embeddable":true,"href":"https:\/\/wgphoto.pl\/t\/index.php?rest_route=%2Fwp%2Fv2%2Fcomments&post=15172"}],"version-history":[{"count":1,"href":"https:\/\/wgphoto.pl\/t\/index.php?rest_route=\/wp\/v2\/posts\/15172\/revisions"}],"predecessor-version":[{"id":15174,"href":"https:\/\/wgphoto.pl\/t\/index.php?rest_route=\/wp\/v2\/posts\/15172\/revisions\/15174"}],"wp:featuredmedia":[{"embeddable":true,"href":"https:\/\/wgphoto.pl\/t\/index.php?rest_route=\/wp\/v2\/media\/15173"}],"wp:attachment":[{"href":"https:\/\/wgphoto.pl\/t\/index.php?rest_route=%2Fwp%2Fv2%2Fmedia&parent=15172"}],"wp:term":[{"taxonomy":"category","embeddable":true,"href":"https:\/\/wgphoto.pl\/t\/index.php?rest_route=%2Fwp%2Fv2%2Fcategories&post=15172"},{"taxonomy":"post_tag","embeddable":true,"href":"https:\/\/wgphoto.pl\/t\/index.php?rest_route=%2Fwp%2Fv2%2Ftags&post=15172"}],"curies":[{"name":"wp","href":"https:\/\/api.w.org\/{rel}","templated":true}]}}