{"id":15175,"date":"2025-03-28T21:07:35","date_gmt":"2025-03-28T20:07:35","guid":{"rendered":"https:\/\/wgphoto.pl\/t\/?p=15175"},"modified":"2025-03-28T21:07:35","modified_gmt":"2025-03-28T20:07:35","slug":"wszystko-i-nic","status":"publish","type":"post","link":"https:\/\/wgphoto.pl\/t\/?p=15175","title":{"rendered":"Wszystko i nic"},"content":{"rendered":"\n<figure class=\"wp-block-image aligncenter size-full\"><img loading=\"lazy\" decoding=\"async\" width=\"1200\" height=\"800\" src=\"https:\/\/wgphoto.pl\/t\/wp-content\/uploads\/2025\/03\/0901-18.jpg\" alt=\"\" class=\"wp-image-15176\" srcset=\"https:\/\/wgphoto.pl\/t\/wp-content\/uploads\/2025\/03\/0901-18.jpg 1200w, https:\/\/wgphoto.pl\/t\/wp-content\/uploads\/2025\/03\/0901-18-300x200.jpg 300w, https:\/\/wgphoto.pl\/t\/wp-content\/uploads\/2025\/03\/0901-18-768x512.jpg 768w\" sizes=\"auto, (max-width: 1200px) 100vw, 1200px\" \/><\/figure>\n\n\n\n<div class=\"wp-block-group has-global-padding is-layout-constrained wp-block-group-is-layout-constrained\">\n<p>Nie mog\u0142em si\u0119 zdecydowa\u0107, czy uj\u0105\u0107 w kadrze bardziej ST43-239, czy wie\u017ce. W rezultacie powsta\u0142o takie co\u015b. 25.01.2009<\/p>\n<\/div>\n","protected":false},"excerpt":{"rendered":"<p>Nie mog\u0142em si\u0119 zdecydowa\u0107, czy uj\u0105\u0107 w kadrze bardziej ST43-239, czy wie\u017ce. W rezultacie powsta\u0142o takie co\u015b. 25.01.2009<\/p>\n","protected":false},"author":1,"featured_media":15176,"comment_status":"open","ping_status":"","sticky":false,"template":"","format":"standard","meta":{"footnotes":""},"categories":[62,2,169],"tags":[2208,2274,154,63,27,64,231],"class_list":["post-15175","post","type-post","status-publish","format-standard","has-post-thumbnail","hentry","category-analog","category-kolej","category-rok-2009","tag-2009-01-25","tag-kamieniec-zabkowicki","tag-noc","tag-pkp","tag-polska","tag-st43","tag-wieza-cisnien"],"_links":{"self":[{"href":"https:\/\/wgphoto.pl\/t\/index.php?rest_route=\/wp\/v2\/posts\/15175","targetHints":{"allow":["GET"]}}],"collection":[{"href":"https:\/\/wgphoto.pl\/t\/index.php?rest_route=\/wp\/v2\/posts"}],"about":[{"href":"https:\/\/wgphoto.pl\/t\/index.php?rest_route=\/wp\/v2\/types\/post"}],"author":[{"embeddable":true,"href":"https:\/\/wgphoto.pl\/t\/index.php?rest_route=\/wp\/v2\/users\/1"}],"replies":[{"embeddable":true,"href":"https:\/\/wgphoto.pl\/t\/index.php?rest_route=%2Fwp%2Fv2%2Fcomments&post=15175"}],"version-history":[{"count":1,"href":"https:\/\/wgphoto.pl\/t\/index.php?rest_route=\/wp\/v2\/posts\/15175\/revisions"}],"predecessor-version":[{"id":15177,"href":"https:\/\/wgphoto.pl\/t\/index.php?rest_route=\/wp\/v2\/posts\/15175\/revisions\/15177"}],"wp:featuredmedia":[{"embeddable":true,"href":"https:\/\/wgphoto.pl\/t\/index.php?rest_route=\/wp\/v2\/media\/15176"}],"wp:attachment":[{"href":"https:\/\/wgphoto.pl\/t\/index.php?rest_route=%2Fwp%2Fv2%2Fmedia&parent=15175"}],"wp:term":[{"taxonomy":"category","embeddable":true,"href":"https:\/\/wgphoto.pl\/t\/index.php?rest_route=%2Fwp%2Fv2%2Fcategories&post=15175"},{"taxonomy":"post_tag","embeddable":true,"href":"https:\/\/wgphoto.pl\/t\/index.php?rest_route=%2Fwp%2Fv2%2Ftags&post=15175"}],"curies":[{"name":"wp","href":"https:\/\/api.w.org\/{rel}","templated":true}]}}