{"id":15184,"date":"2025-03-28T21:10:28","date_gmt":"2025-03-28T20:10:28","guid":{"rendered":"https:\/\/wgphoto.pl\/t\/?p=15184"},"modified":"2025-03-28T21:10:28","modified_gmt":"2025-03-28T20:10:28","slug":"rudawy-janowickie","status":"publish","type":"post","link":"https:\/\/wgphoto.pl\/t\/?p=15184","title":{"rendered":"Rudawy Janowickie"},"content":{"rendered":"\n<figure class=\"wp-block-image aligncenter size-full\"><img loading=\"lazy\" decoding=\"async\" width=\"1200\" height=\"800\" src=\"https:\/\/wgphoto.pl\/t\/wp-content\/uploads\/2025\/03\/0739-03a.jpg\" alt=\"\" class=\"wp-image-15185\" srcset=\"https:\/\/wgphoto.pl\/t\/wp-content\/uploads\/2025\/03\/0739-03a.jpg 1200w, https:\/\/wgphoto.pl\/t\/wp-content\/uploads\/2025\/03\/0739-03a-300x200.jpg 300w, https:\/\/wgphoto.pl\/t\/wp-content\/uploads\/2025\/03\/0739-03a-768x512.jpg 768w\" sizes=\"auto, (max-width: 1200px) 100vw, 1200px\" \/><\/figure>\n\n\n\n<div class=\"wp-block-group has-global-padding is-layout-constrained wp-block-group-is-layout-constrained\">\n<p>Poci\u0105g pospieszny &#8222;Sudety&#8221; z Jeleniej G\u00f3ry do Warszawy Wschodniej, z ET22-1056 na czele, przed chwil\u0105 opu\u015bci\u0142 stacj\u0119 S\u0119dzis\u0142aw. W tle o\u015bnie\u017cone Rudawy Janowickie. 26.12.2007<\/p>\n<\/div>\n","protected":false},"excerpt":{"rendered":"<p>Poci\u0105g pospieszny &#8222;Sudety&#8221; z Jeleniej G\u00f3ry do Warszawy Wschodniej, z ET22-1056 na czele, przed chwil\u0105 opu\u015bci\u0142 stacj\u0119 S\u0119dzis\u0142aw. W tle o\u015bnie\u017cone Rudawy Janowickie. 26.12.2007<\/p>\n","protected":false},"author":1,"featured_media":15185,"comment_status":"open","ping_status":"","sticky":false,"template":"","format":"standard","meta":{"footnotes":""},"categories":[62,2,96],"tags":[2899,26,114,63,27,1061,44,200,1433],"class_list":["post-15184","post","type-post","status-publish","format-standard","has-post-thumbnail","hentry","category-analog","category-kolej","category-rok-2007","tag-2007-12-26","tag-et22","tag-gory","tag-pkp","tag-polska","tag-sedzislaw","tag-snieg","tag-tab-pl240","tag-witkow-slaski"],"_links":{"self":[{"href":"https:\/\/wgphoto.pl\/t\/index.php?rest_route=\/wp\/v2\/posts\/15184","targetHints":{"allow":["GET"]}}],"collection":[{"href":"https:\/\/wgphoto.pl\/t\/index.php?rest_route=\/wp\/v2\/posts"}],"about":[{"href":"https:\/\/wgphoto.pl\/t\/index.php?rest_route=\/wp\/v2\/types\/post"}],"author":[{"embeddable":true,"href":"https:\/\/wgphoto.pl\/t\/index.php?rest_route=\/wp\/v2\/users\/1"}],"replies":[{"embeddable":true,"href":"https:\/\/wgphoto.pl\/t\/index.php?rest_route=%2Fwp%2Fv2%2Fcomments&post=15184"}],"version-history":[{"count":1,"href":"https:\/\/wgphoto.pl\/t\/index.php?rest_route=\/wp\/v2\/posts\/15184\/revisions"}],"predecessor-version":[{"id":15186,"href":"https:\/\/wgphoto.pl\/t\/index.php?rest_route=\/wp\/v2\/posts\/15184\/revisions\/15186"}],"wp:featuredmedia":[{"embeddable":true,"href":"https:\/\/wgphoto.pl\/t\/index.php?rest_route=\/wp\/v2\/media\/15185"}],"wp:attachment":[{"href":"https:\/\/wgphoto.pl\/t\/index.php?rest_route=%2Fwp%2Fv2%2Fmedia&parent=15184"}],"wp:term":[{"taxonomy":"category","embeddable":true,"href":"https:\/\/wgphoto.pl\/t\/index.php?rest_route=%2Fwp%2Fv2%2Fcategories&post=15184"},{"taxonomy":"post_tag","embeddable":true,"href":"https:\/\/wgphoto.pl\/t\/index.php?rest_route=%2Fwp%2Fv2%2Ftags&post=15184"}],"curies":[{"name":"wp","href":"https:\/\/api.w.org\/{rel}","templated":true}]}}