{"id":15202,"date":"2025-03-29T15:46:55","date_gmt":"2025-03-29T14:46:55","guid":{"rendered":"https:\/\/wgphoto.pl\/t\/?p=15202"},"modified":"2025-03-29T15:46:55","modified_gmt":"2025-03-29T14:46:55","slug":"nie-wiem-dlaczego","status":"publish","type":"post","link":"https:\/\/wgphoto.pl\/t\/?p=15202","title":{"rendered":"Nie wiem dlaczego"},"content":{"rendered":"\n<figure class=\"wp-block-image aligncenter size-full\"><img loading=\"lazy\" decoding=\"async\" width=\"695\" height=\"1049\" src=\"https:\/\/wgphoto.pl\/t\/wp-content\/uploads\/2025\/03\/IMGP5426-1.jpg\" alt=\"\" class=\"wp-image-15203\" srcset=\"https:\/\/wgphoto.pl\/t\/wp-content\/uploads\/2025\/03\/IMGP5426-1.jpg 695w, https:\/\/wgphoto.pl\/t\/wp-content\/uploads\/2025\/03\/IMGP5426-1-199x300.jpg 199w\" sizes=\"auto, (max-width: 695px) 100vw, 695px\" \/><\/figure>\n\n\n\n<div class=\"wp-block-group has-global-padding is-layout-constrained wp-block-group-is-layout-constrained\">\n<p>Bu\u0142garski plechacz 44.126 z poci\u0105giem nieznanej relacji min\u0105\u0142 stacj\u0119 Bov (bu\u0142. \u0411\u043e\u0432) i przekracza kolejny na swej trasie most nad rzek\u0105 Iskar. Nie wiem dlaczego kadrowa\u0142em pionowo i z drzewem na pierwszym planie, cho\u0107 na sucho mam tu lepsze uj\u0119cia. Jedyne wyt\u0142umaczenie jest takie, \u017ce poci\u0105g mnie zaskoczy\u0142, ewentualnie mia\u0142em chwilowe za\u0107mienie umys\u0142u. \ud83d\ude09 10.11.2017<\/p>\n<\/div>\n","protected":false},"excerpt":{"rendered":"<p>Bu\u0142garski plechacz 44.126 z poci\u0105giem nieznanej relacji min\u0105\u0142 stacj\u0119 Bov (bu\u0142. \u0411\u043e\u0432) i przekracza kolejny na swej trasie most nad rzek\u0105 Iskar. Nie wiem dlaczego kadrowa\u0142em pionowo i z drzewem na pierwszym planie, cho\u0107 na sucho mam tu lepsze uj\u0119cia. Jedyne wyt\u0142umaczenie jest takie, \u017ce poci\u0105g mnie zaskoczy\u0142, ewentualnie mia\u0142em chwilowe za\u0107mienie umys\u0142u. \ud83d\ude09 10.11.2017<\/p>\n","protected":false},"author":1,"featured_media":15203,"comment_status":"open","ping_status":"","sticky":false,"template":"","format":"standard","meta":{"footnotes":""},"categories":[2,128,368],"tags":[1341,1340,2343,838,126,45,73,839],"class_list":["post-15202","post","type-post","status-publish","format-standard","has-post-thumbnail","hentry","category-kolej","category-pionowe","category-rok-2017","tag-2017-11-10","tag-bdz","tag-bov","tag-bulgaria","tag-jesien","tag-most","tag-rzeka","tag-wakacje-2017"],"_links":{"self":[{"href":"https:\/\/wgphoto.pl\/t\/index.php?rest_route=\/wp\/v2\/posts\/15202","targetHints":{"allow":["GET"]}}],"collection":[{"href":"https:\/\/wgphoto.pl\/t\/index.php?rest_route=\/wp\/v2\/posts"}],"about":[{"href":"https:\/\/wgphoto.pl\/t\/index.php?rest_route=\/wp\/v2\/types\/post"}],"author":[{"embeddable":true,"href":"https:\/\/wgphoto.pl\/t\/index.php?rest_route=\/wp\/v2\/users\/1"}],"replies":[{"embeddable":true,"href":"https:\/\/wgphoto.pl\/t\/index.php?rest_route=%2Fwp%2Fv2%2Fcomments&post=15202"}],"version-history":[{"count":1,"href":"https:\/\/wgphoto.pl\/t\/index.php?rest_route=\/wp\/v2\/posts\/15202\/revisions"}],"predecessor-version":[{"id":15204,"href":"https:\/\/wgphoto.pl\/t\/index.php?rest_route=\/wp\/v2\/posts\/15202\/revisions\/15204"}],"wp:featuredmedia":[{"embeddable":true,"href":"https:\/\/wgphoto.pl\/t\/index.php?rest_route=\/wp\/v2\/media\/15203"}],"wp:attachment":[{"href":"https:\/\/wgphoto.pl\/t\/index.php?rest_route=%2Fwp%2Fv2%2Fmedia&parent=15202"}],"wp:term":[{"taxonomy":"category","embeddable":true,"href":"https:\/\/wgphoto.pl\/t\/index.php?rest_route=%2Fwp%2Fv2%2Fcategories&post=15202"},{"taxonomy":"post_tag","embeddable":true,"href":"https:\/\/wgphoto.pl\/t\/index.php?rest_route=%2Fwp%2Fv2%2Ftags&post=15202"}],"curies":[{"name":"wp","href":"https:\/\/api.w.org\/{rel}","templated":true}]}}