{"id":15205,"date":"2025-03-29T15:50:07","date_gmt":"2025-03-29T14:50:07","guid":{"rendered":"https:\/\/wgphoto.pl\/t\/?p=15205"},"modified":"2025-03-29T15:50:07","modified_gmt":"2025-03-29T14:50:07","slug":"tatry-wiecznie-zywe","status":"publish","type":"post","link":"https:\/\/wgphoto.pl\/t\/?p=15205","title":{"rendered":"Tatry wiecznie \u017cywe"},"content":{"rendered":"\n<figure class=\"wp-block-image aligncenter size-full\"><img loading=\"lazy\" decoding=\"async\" width=\"1200\" height=\"795\" src=\"https:\/\/wgphoto.pl\/t\/wp-content\/uploads\/2025\/03\/IMGP0246.jpg\" alt=\"\" class=\"wp-image-15206\" srcset=\"https:\/\/wgphoto.pl\/t\/wp-content\/uploads\/2025\/03\/IMGP0246.jpg 1200w, https:\/\/wgphoto.pl\/t\/wp-content\/uploads\/2025\/03\/IMGP0246-300x199.jpg 300w, https:\/\/wgphoto.pl\/t\/wp-content\/uploads\/2025\/03\/IMGP0246-768x509.jpg 768w\" sizes=\"auto, (max-width: 1200px) 100vw, 1200px\" \/><\/figure>\n\n\n\n<div class=\"wp-block-group has-global-padding is-layout-constrained wp-block-group-is-layout-constrained\">\n<p>Drezno, Sophienstra\u00dfe. Tatry jako Sonderfahrt z\u0142apane na najbardziej imho urokliwym fragmencie drezde\u0144skiej sieci, mi\u0119dzy Zwingerem, z kt\u00f3rego wykonano zdj\u0119cie, a rezydencj\u0105 ksi\u0105\u017c\u0105t Saksonii. 2017-04-29<\/p>\n<\/div>\n","protected":false},"excerpt":{"rendered":"<p>Drezno, Sophienstra\u00dfe. Tatry jako Sonderfahrt z\u0142apane na najbardziej imho urokliwym fragmencie drezde\u0144skiej sieci, mi\u0119dzy Zwingerem, z kt\u00f3rego wykonano zdj\u0119cie, a rezydencj\u0105 ksi\u0105\u017c\u0105t Saksonii. 2017-04-29<\/p>\n","protected":false},"author":1,"featured_media":15206,"comment_status":"open","ping_status":"","sticky":false,"template":"","format":"standard","meta":{"footnotes":""},"categories":[368,3],"tags":[854,34,851,850,787,23,1112],"class_list":["post-15205","post","type-post","status-publish","format-standard","has-post-thumbnail","hentry","category-rok-2017","category-tramwaj","tag-2017-04-29","tag-architektura","tag-drezno","tag-dvb-dresden","tag-majowka-2017-2","tag-niemcy","tag-tatra-t4"],"_links":{"self":[{"href":"https:\/\/wgphoto.pl\/t\/index.php?rest_route=\/wp\/v2\/posts\/15205","targetHints":{"allow":["GET"]}}],"collection":[{"href":"https:\/\/wgphoto.pl\/t\/index.php?rest_route=\/wp\/v2\/posts"}],"about":[{"href":"https:\/\/wgphoto.pl\/t\/index.php?rest_route=\/wp\/v2\/types\/post"}],"author":[{"embeddable":true,"href":"https:\/\/wgphoto.pl\/t\/index.php?rest_route=\/wp\/v2\/users\/1"}],"replies":[{"embeddable":true,"href":"https:\/\/wgphoto.pl\/t\/index.php?rest_route=%2Fwp%2Fv2%2Fcomments&post=15205"}],"version-history":[{"count":1,"href":"https:\/\/wgphoto.pl\/t\/index.php?rest_route=\/wp\/v2\/posts\/15205\/revisions"}],"predecessor-version":[{"id":15207,"href":"https:\/\/wgphoto.pl\/t\/index.php?rest_route=\/wp\/v2\/posts\/15205\/revisions\/15207"}],"wp:featuredmedia":[{"embeddable":true,"href":"https:\/\/wgphoto.pl\/t\/index.php?rest_route=\/wp\/v2\/media\/15206"}],"wp:attachment":[{"href":"https:\/\/wgphoto.pl\/t\/index.php?rest_route=%2Fwp%2Fv2%2Fmedia&parent=15205"}],"wp:term":[{"taxonomy":"category","embeddable":true,"href":"https:\/\/wgphoto.pl\/t\/index.php?rest_route=%2Fwp%2Fv2%2Fcategories&post=15205"},{"taxonomy":"post_tag","embeddable":true,"href":"https:\/\/wgphoto.pl\/t\/index.php?rest_route=%2Fwp%2Fv2%2Ftags&post=15205"}],"curies":[{"name":"wp","href":"https:\/\/api.w.org\/{rel}","templated":true}]}}