{"id":15208,"date":"2025-03-29T15:51:06","date_gmt":"2025-03-29T14:51:06","guid":{"rendered":"https:\/\/wgphoto.pl\/t\/?p=15208"},"modified":"2025-03-29T15:51:06","modified_gmt":"2025-03-29T14:51:06","slug":"dam","status":"publish","type":"post","link":"https:\/\/wgphoto.pl\/t\/?p=15208","title":{"rendered":"Dam"},"content":{"rendered":"\n<figure class=\"wp-block-image aligncenter size-full\"><img loading=\"lazy\" decoding=\"async\" width=\"1200\" height=\"795\" src=\"https:\/\/wgphoto.pl\/t\/wp-content\/uploads\/2025\/03\/IMGP0460.jpg\" alt=\"\" class=\"wp-image-15209\" srcset=\"https:\/\/wgphoto.pl\/t\/wp-content\/uploads\/2025\/03\/IMGP0460.jpg 1200w, https:\/\/wgphoto.pl\/t\/wp-content\/uploads\/2025\/03\/IMGP0460-300x199.jpg 300w, https:\/\/wgphoto.pl\/t\/wp-content\/uploads\/2025\/03\/IMGP0460-768x509.jpg 768w\" sizes=\"auto, (max-width: 1200px) 100vw, 1200px\" \/><\/figure>\n\n\n\n<div class=\"wp-block-group has-global-padding is-layout-constrained wp-block-group-is-layout-constrained\">\n<p>Amsterdam, Dam. Combino przeje\u017cd\u017ca przez jeden z najbardziej znanych plac\u00f3w w mie\u015bcie, b\u0119d\u0105cy co prawda kr\u00f3lestwem pieszych, rowerzyst\u00f3w i tramwaj\u00f3w, ale nie b\u0119d\u0105cy do ko\u0144ca stref\u0105 piesz\u0105. Samochody maj\u0105 tu normalny dost\u0119p, a ruchem steruje sygnalizacja \u015bwietlna. \u017beby zrobi\u0107 tu jakiekolwiek foto musia\u0142em stan\u0105\u0107 na \u015brodku skrzy\u017cowania. To dobry sprawdzian tego, na ile mo\u017ce sobie pozwoli\u0107 pieszy. Z tego co zauwa\u017cy\u0142em, piesi w granicach rozs\u0105dku mog\u0105 w Holandii \u0142azi\u0107 wsz\u0119dzie i na nikim, z policj\u0105 w\u0142\u0105cznie, nie robi to najmniejszego wra\u017cenia. Takie \u017cyciowe podej\u015bcie wymaga chyba jednak rozs\u0105dnego spo\u0142ecze\u0144stwa. Ja w ka\u017cdym razie przez te kilka dni do woli korzysta\u0142em z tego fantastycznego przywileju. \ud83d\ude09 30.04.2017<\/p>\n<\/div>\n","protected":false},"excerpt":{"rendered":"<p>Amsterdam, Dam. Combino przeje\u017cd\u017ca przez jeden z najbardziej znanych plac\u00f3w w mie\u015bcie, b\u0119d\u0105cy co prawda kr\u00f3lestwem pieszych, rowerzyst\u00f3w i tramwaj\u00f3w, ale nie b\u0119d\u0105cy do ko\u0144ca stref\u0105 piesz\u0105. Samochody maj\u0105 tu normalny dost\u0119p, a ruchem steruje sygnalizacja \u015bwietlna. \u017beby zrobi\u0107 tu jakiekolwiek foto musia\u0142em stan\u0105\u0107 na \u015brodku skrzy\u017cowania. To dobry sprawdzian tego, na ile mo\u017ce sobie [&hellip;]<\/p>\n","protected":false},"author":1,"featured_media":15209,"comment_status":"open","ping_status":"","sticky":false,"template":"","format":"standard","meta":{"footnotes":""},"categories":[368,3],"tags":[1441,1439,34,1440,370,787,381],"class_list":["post-15208","post","type-post","status-publish","format-standard","has-post-thumbnail","hentry","category-rok-2017","category-tramwaj","tag-2017-04-30","tag-amsterdam","tag-architektura","tag-gvb-amsterdam","tag-holandia","tag-majowka-2017-2","tag-siemens-combino"],"_links":{"self":[{"href":"https:\/\/wgphoto.pl\/t\/index.php?rest_route=\/wp\/v2\/posts\/15208","targetHints":{"allow":["GET"]}}],"collection":[{"href":"https:\/\/wgphoto.pl\/t\/index.php?rest_route=\/wp\/v2\/posts"}],"about":[{"href":"https:\/\/wgphoto.pl\/t\/index.php?rest_route=\/wp\/v2\/types\/post"}],"author":[{"embeddable":true,"href":"https:\/\/wgphoto.pl\/t\/index.php?rest_route=\/wp\/v2\/users\/1"}],"replies":[{"embeddable":true,"href":"https:\/\/wgphoto.pl\/t\/index.php?rest_route=%2Fwp%2Fv2%2Fcomments&post=15208"}],"version-history":[{"count":1,"href":"https:\/\/wgphoto.pl\/t\/index.php?rest_route=\/wp\/v2\/posts\/15208\/revisions"}],"predecessor-version":[{"id":15210,"href":"https:\/\/wgphoto.pl\/t\/index.php?rest_route=\/wp\/v2\/posts\/15208\/revisions\/15210"}],"wp:featuredmedia":[{"embeddable":true,"href":"https:\/\/wgphoto.pl\/t\/index.php?rest_route=\/wp\/v2\/media\/15209"}],"wp:attachment":[{"href":"https:\/\/wgphoto.pl\/t\/index.php?rest_route=%2Fwp%2Fv2%2Fmedia&parent=15208"}],"wp:term":[{"taxonomy":"category","embeddable":true,"href":"https:\/\/wgphoto.pl\/t\/index.php?rest_route=%2Fwp%2Fv2%2Fcategories&post=15208"},{"taxonomy":"post_tag","embeddable":true,"href":"https:\/\/wgphoto.pl\/t\/index.php?rest_route=%2Fwp%2Fv2%2Ftags&post=15208"}],"curies":[{"name":"wp","href":"https:\/\/api.w.org\/{rel}","templated":true}]}}