{"id":15211,"date":"2025-03-29T15:51:55","date_gmt":"2025-03-29T14:51:55","guid":{"rendered":"https:\/\/wgphoto.pl\/t\/?p=15211"},"modified":"2025-03-29T15:51:55","modified_gmt":"2025-03-29T14:51:55","slug":"sztywniak","status":"publish","type":"post","link":"https:\/\/wgphoto.pl\/t\/?p=15211","title":{"rendered":"Sztywniak"},"content":{"rendered":"\n<figure class=\"wp-block-image aligncenter size-full\"><img loading=\"lazy\" decoding=\"async\" width=\"1200\" height=\"795\" src=\"https:\/\/wgphoto.pl\/t\/wp-content\/uploads\/2025\/03\/IMGP0626.jpg\" alt=\"\" class=\"wp-image-15212\" srcset=\"https:\/\/wgphoto.pl\/t\/wp-content\/uploads\/2025\/03\/IMGP0626.jpg 1200w, https:\/\/wgphoto.pl\/t\/wp-content\/uploads\/2025\/03\/IMGP0626-300x199.jpg 300w, https:\/\/wgphoto.pl\/t\/wp-content\/uploads\/2025\/03\/IMGP0626-768x509.jpg 768w\" sizes=\"auto, (max-width: 1200px) 100vw, 1200px\" \/><\/figure>\n\n\n\n<div class=\"wp-block-group has-global-padding is-layout-constrained wp-block-group-is-layout-constrained\">\n<p>W latach 2001-2005 Amsterdam zakupi\u0142 150 tramwaj\u00f3w Combino od Siemensa. Pomimo swojego wieku wagony nie wygl\u0105daj\u0105 na zm\u0119czone, lecz dowodzi to tylko ich jako\u015bci, poniewa\u017c \u017cycia z pewno\u015bci\u0105 nie maj\u0105 \u0142atwego. Tutejsza sie\u0107 jest bardzo kr\u0119ta oraz &#8222;powyginana&#8221; w pionie, a motorniczowie swoich pojazd\u00f3w wcale nie oszcz\u0119dzaj\u0105. Dziwi wi\u0119c troch\u0119 wyb\u00f3r tramwaj\u00f3w sztywnow\u00f3zkowych. Wracaj\u0105c do zdj\u0119cia &#8211; wida\u0107 tu typowy obrazek z mostu nad kana\u0142em, jakich w Amsterdamie jest pewnie setki. Dla zwi\u0119kszenia prze\u015bwitu pod mostem, wi\u0119kszo\u015b\u0107 z nich jest wygi\u0119ta w niema\u0142y \u0142uk. Sztywne Combino ma, jak wida\u0107, tylko jeden pionowy przegub. Czasem mia\u0142em wra\u017cenie, \u017ce tramwaj zaraz przerysuje nawierzchni\u0119 pod\u0142og\u0105 czwartego cz\u0142onu, a by\u0142o blisko &#8211; gdy pod tramwaj wpad\u0142a plastikowa butelka, to ju\u017c szorowa\u0142a kostk\u0119 zablokowana pod pod\u0142og\u0105 tramwaju. 30.04.2017<\/p>\n<\/div>\n","protected":false},"excerpt":{"rendered":"<p>W latach 2001-2005 Amsterdam zakupi\u0142 150 tramwaj\u00f3w Combino od Siemensa. Pomimo swojego wieku wagony nie wygl\u0105daj\u0105 na zm\u0119czone, lecz dowodzi to tylko ich jako\u015bci, poniewa\u017c \u017cycia z pewno\u015bci\u0105 nie maj\u0105 \u0142atwego. Tutejsza sie\u0107 jest bardzo kr\u0119ta oraz &#8222;powyginana&#8221; w pionie, a motorniczowie swoich pojazd\u00f3w wcale nie oszcz\u0119dzaj\u0105. Dziwi wi\u0119c troch\u0119 wyb\u00f3r tramwaj\u00f3w sztywnow\u00f3zkowych. Wracaj\u0105c do [&hellip;]<\/p>\n","protected":false},"author":1,"featured_media":15212,"comment_status":"open","ping_status":"","sticky":false,"template":"","format":"standard","meta":{"footnotes":""},"categories":[368,3],"tags":[1441,1439,1440,370,787,118,381],"class_list":["post-15211","post","type-post","status-publish","format-standard","has-post-thumbnail","hentry","category-rok-2017","category-tramwaj","tag-2017-04-30","tag-amsterdam","tag-gvb-amsterdam","tag-holandia","tag-majowka-2017-2","tag-plany-i-profile","tag-siemens-combino"],"_links":{"self":[{"href":"https:\/\/wgphoto.pl\/t\/index.php?rest_route=\/wp\/v2\/posts\/15211","targetHints":{"allow":["GET"]}}],"collection":[{"href":"https:\/\/wgphoto.pl\/t\/index.php?rest_route=\/wp\/v2\/posts"}],"about":[{"href":"https:\/\/wgphoto.pl\/t\/index.php?rest_route=\/wp\/v2\/types\/post"}],"author":[{"embeddable":true,"href":"https:\/\/wgphoto.pl\/t\/index.php?rest_route=\/wp\/v2\/users\/1"}],"replies":[{"embeddable":true,"href":"https:\/\/wgphoto.pl\/t\/index.php?rest_route=%2Fwp%2Fv2%2Fcomments&post=15211"}],"version-history":[{"count":1,"href":"https:\/\/wgphoto.pl\/t\/index.php?rest_route=\/wp\/v2\/posts\/15211\/revisions"}],"predecessor-version":[{"id":15213,"href":"https:\/\/wgphoto.pl\/t\/index.php?rest_route=\/wp\/v2\/posts\/15211\/revisions\/15213"}],"wp:featuredmedia":[{"embeddable":true,"href":"https:\/\/wgphoto.pl\/t\/index.php?rest_route=\/wp\/v2\/media\/15212"}],"wp:attachment":[{"href":"https:\/\/wgphoto.pl\/t\/index.php?rest_route=%2Fwp%2Fv2%2Fmedia&parent=15211"}],"wp:term":[{"taxonomy":"category","embeddable":true,"href":"https:\/\/wgphoto.pl\/t\/index.php?rest_route=%2Fwp%2Fv2%2Fcategories&post=15211"},{"taxonomy":"post_tag","embeddable":true,"href":"https:\/\/wgphoto.pl\/t\/index.php?rest_route=%2Fwp%2Fv2%2Ftags&post=15211"}],"curies":[{"name":"wp","href":"https:\/\/api.w.org\/{rel}","templated":true}]}}