{"id":15214,"date":"2025-03-29T15:52:56","date_gmt":"2025-03-29T14:52:56","guid":{"rendered":"https:\/\/wgphoto.pl\/t\/?p=15214"},"modified":"2025-03-29T15:52:56","modified_gmt":"2025-03-29T14:52:56","slug":"amsterdam-jest-przereklamowany","status":"publish","type":"post","link":"https:\/\/wgphoto.pl\/t\/?p=15214","title":{"rendered":"Amsterdam jest przereklamowany"},"content":{"rendered":"\n<figure class=\"wp-block-image aligncenter size-full\"><img loading=\"lazy\" decoding=\"async\" width=\"1200\" height=\"795\" src=\"https:\/\/wgphoto.pl\/t\/wp-content\/uploads\/2025\/03\/IMGP0784.jpg\" alt=\"\" class=\"wp-image-15215\" srcset=\"https:\/\/wgphoto.pl\/t\/wp-content\/uploads\/2025\/03\/IMGP0784.jpg 1200w, https:\/\/wgphoto.pl\/t\/wp-content\/uploads\/2025\/03\/IMGP0784-300x199.jpg 300w, https:\/\/wgphoto.pl\/t\/wp-content\/uploads\/2025\/03\/IMGP0784-768x509.jpg 768w\" sizes=\"auto, (max-width: 1200px) 100vw, 1200px\" \/><\/figure>\n\n\n\n<div class=\"wp-block-group has-global-padding is-layout-constrained wp-block-group-is-layout-constrained\">\n<p>To w Hadze \u0142atwiej jest sfotografowa\u0107 tramwaj bezpo\u015brednio nad kana\u0142em, poniewa\u017c tak poprowadzonych odcink\u00f3w jest po prostu znacznie wi\u0119cej. 2017-05-01<\/p>\n<\/div>\n","protected":false},"excerpt":{"rendered":"<p>To w Hadze \u0142atwiej jest sfotografowa\u0107 tramwaj bezpo\u015brednio nad kana\u0142em, poniewa\u017c tak poprowadzonych odcink\u00f3w jest po prostu znacznie wi\u0119cej. 2017-05-01<\/p>\n","protected":false},"author":1,"featured_media":15215,"comment_status":"open","ping_status":"","sticky":false,"template":"","format":"standard","meta":{"footnotes":""},"categories":[368,3],"tags":[373,371,370,369,395,787,73,788],"class_list":["post-15214","post","type-post","status-publish","format-standard","has-post-thumbnail","hentry","category-rok-2017","category-tramwaj","tag-2017-05-01","tag-haga","tag-holandia","tag-htm-den-haag","tag-lustro","tag-majowka-2017-2","tag-rzeka","tag-siemens-avenio"],"_links":{"self":[{"href":"https:\/\/wgphoto.pl\/t\/index.php?rest_route=\/wp\/v2\/posts\/15214","targetHints":{"allow":["GET"]}}],"collection":[{"href":"https:\/\/wgphoto.pl\/t\/index.php?rest_route=\/wp\/v2\/posts"}],"about":[{"href":"https:\/\/wgphoto.pl\/t\/index.php?rest_route=\/wp\/v2\/types\/post"}],"author":[{"embeddable":true,"href":"https:\/\/wgphoto.pl\/t\/index.php?rest_route=\/wp\/v2\/users\/1"}],"replies":[{"embeddable":true,"href":"https:\/\/wgphoto.pl\/t\/index.php?rest_route=%2Fwp%2Fv2%2Fcomments&post=15214"}],"version-history":[{"count":1,"href":"https:\/\/wgphoto.pl\/t\/index.php?rest_route=\/wp\/v2\/posts\/15214\/revisions"}],"predecessor-version":[{"id":15216,"href":"https:\/\/wgphoto.pl\/t\/index.php?rest_route=\/wp\/v2\/posts\/15214\/revisions\/15216"}],"wp:featuredmedia":[{"embeddable":true,"href":"https:\/\/wgphoto.pl\/t\/index.php?rest_route=\/wp\/v2\/media\/15215"}],"wp:attachment":[{"href":"https:\/\/wgphoto.pl\/t\/index.php?rest_route=%2Fwp%2Fv2%2Fmedia&parent=15214"}],"wp:term":[{"taxonomy":"category","embeddable":true,"href":"https:\/\/wgphoto.pl\/t\/index.php?rest_route=%2Fwp%2Fv2%2Fcategories&post=15214"},{"taxonomy":"post_tag","embeddable":true,"href":"https:\/\/wgphoto.pl\/t\/index.php?rest_route=%2Fwp%2Fv2%2Ftags&post=15214"}],"curies":[{"name":"wp","href":"https:\/\/api.w.org\/{rel}","templated":true}]}}